{"id":2117,"date":"2026-02-04T13:00:34","date_gmt":"2026-02-04T11:00:34","guid":{"rendered":"http:\/\/www.madridlicencias.com\/blog\/?p=2117"},"modified":"2017-08-07T20:46:39","modified_gmt":"2017-08-07T18:46:39","slug":"licencia-apertura-tienda-minorista","status":"publish","type":"post","link":"https:\/\/www.madridlicencias.com\/blog\/licencia-apertura-tienda-minorista\/","title":{"rendered":"Licencia de Apertura de Tienda Minorista"},"content":{"rendered":"<p>Acabamos de realizar el proyecto y tramitado la<a href=\"http:\/\/www.madridlicencias.com\"><strong> licencia de apertura y actividad<\/strong><\/a> de un local destinado a <strong>tienda minorista<\/strong>.<\/p>\n<p>En concreto el local se destina a la venta de camillas de masajes por lo que la licencia correspondiente a sido la de COMERCIO MINORISTA NO ALIMENTARIO.<\/p>\n<p><img loading=\"lazy\" decoding=\"async\" class=\"alignleft size-full wp-image-2118\" src=\"http:\/\/www.madridlicencias.com\/blog\/wp-content\/uploads\/Licencia-Actividad-Tienda-Minorista.jpg\" alt=\"\" width=\"1600\" height=\"1200\" srcset=\"https:\/\/www.madridlicencias.com\/blog\/wp-content\/uploads\/Licencia-Actividad-Tienda-Minorista.jpg 1600w, https:\/\/www.madridlicencias.com\/blog\/wp-content\/uploads\/Licencia-Actividad-Tienda-Minorista-300x225.jpg 300w, https:\/\/www.madridlicencias.com\/blog\/wp-content\/uploads\/Licencia-Actividad-Tienda-Minorista-768x576.jpg 768w, https:\/\/www.madridlicencias.com\/blog\/wp-content\/uploads\/Licencia-Actividad-Tienda-Minorista-1024x768.jpg 1024w\" sizes=\"auto, (max-width: 1600px) 100vw, 1600px\" \/><\/p>\n<p>El inmueble est\u00e1 ubicado en la Calle ISTURIZ 11, L-10, 28020, MADRID y all\u00ed podr\u00e9is probar y comprar unas camillas muy especiales para el auto-masaje.<\/p>\n<p>Al tratarse de una <strong>licencia de comercio no alimentario<\/strong>, los requisitos para el local eran bastantes sencillos: altura hasta el techo 2,50 metros como m\u00ednimo y\u00a0 dado el tama\u00f1o del local, los aseos son exclusivos para el personal por lo que tampoco hubo que disponer de un aseo adaptado a minusv\u00e1lidos.<\/p>\n<p><img loading=\"lazy\" decoding=\"async\" class=\"alignleft size-full wp-image-2119\" src=\"http:\/\/www.madridlicencias.com\/blog\/wp-content\/uploads\/Licencia-de-Actividad-Comercio-Minorista.jpg\" alt=\"\" width=\"1600\" height=\"1200\" srcset=\"https:\/\/www.madridlicencias.com\/blog\/wp-content\/uploads\/Licencia-de-Actividad-Comercio-Minorista.jpg 1600w, https:\/\/www.madridlicencias.com\/blog\/wp-content\/uploads\/Licencia-de-Actividad-Comercio-Minorista-300x225.jpg 300w, https:\/\/www.madridlicencias.com\/blog\/wp-content\/uploads\/Licencia-de-Actividad-Comercio-Minorista-768x576.jpg 768w, https:\/\/www.madridlicencias.com\/blog\/wp-content\/uploads\/Licencia-de-Actividad-Comercio-Minorista-1024x768.jpg 1024w\" sizes=\"auto, (max-width: 1600px) 100vw, 1600px\" \/><\/p>\n<p>El local, de 240 m2,\u00a0 cuenta con una zona de charla, donde se explica el uso y aplicaciones de las camillas, una zona de muestra y exposici\u00f3n del producto, aseos para el personal, un office, recepci\u00f3n, almac\u00e9n y por supuesto un despacho.<\/p>\n<p><img loading=\"lazy\" decoding=\"async\" class=\"alignleft size-full wp-image-2120\" src=\"http:\/\/www.madridlicencias.com\/blog\/wp-content\/uploads\/Licencia-de-Actividad-Comercio-Minorista-no-Alimentario.jpg\" alt=\"\" width=\"706\" height=\"381\" srcset=\"https:\/\/www.madridlicencias.com\/blog\/wp-content\/uploads\/Licencia-de-Actividad-Comercio-Minorista-no-Alimentario.jpg 706w, https:\/\/www.madridlicencias.com\/blog\/wp-content\/uploads\/Licencia-de-Actividad-Comercio-Minorista-no-Alimentario-300x162.jpg 300w\" sizes=\"auto, (max-width: 706px) 100vw, 706px\" \/><\/p>\n<p>Todas las zonas est\u00e1n claramente diferenciadas y con su correspondiente carteler\u00eda respecto a evacuaci\u00f3n y <strong>protecci\u00f3n frente a incendios<\/strong>. Dado el tama\u00f1o del local hubo que disponer en este caso de dos extintores de incendios (uno cada 15 metros de recorrido de evacuaci\u00f3n).<\/p>\n<!--more-->\n<p>Unos de los puntos m\u00e1s relevantes a tener en cuenta en la <strong><a href=\"http:\/\/www.madridlicencias.com\/blog\/tramitacion-de-licencias-apertura-y-funcionamiento-servicios\/\">tramitaci\u00f3n de licencias<\/a> de comercio<\/strong> minorista es el <strong>c\u00e1lculo del aforo<\/strong>, que se realiza a raz\u00f3n de una persona cada dos metros cuadrados para las zonas de venta como norma general pero que en este caso, al tratarse de venta de mobiliario de grandes dimensiones se calcul\u00f3 a raz\u00f3n de una persona cada 5 metros cuadrados.<\/p>\n<p>Este simple cambio en el c\u00e1lculo del aforo nos permiti\u00f3, al tener una ocupaci\u00f3n total en el local inferior a 100 personas, poder abrir las puertas hacia el interior del local con el consiguiente ahorro de superficie \u00fatil libre y reducir los costes de la obra\u00a0 a realizar.<\/p>\n\n\n<div class=\"kk-star-ratings kksr-auto kksr-align-left kksr-valign-bottom\"\n    data-payload='{&quot;align&quot;:&quot;left&quot;,&quot;id&quot;:&quot;2117&quot;,&quot;slug&quot;:&quot;default&quot;,&quot;valign&quot;:&quot;bottom&quot;,&quot;ignore&quot;:&quot;&quot;,&quot;reference&quot;:&quot;auto&quot;,&quot;class&quot;:&quot;&quot;,&quot;count&quot;:&quot;9&quot;,&quot;legendonly&quot;:&quot;&quot;,&quot;readonly&quot;:&quot;&quot;,&quot;score&quot;:&quot;5&quot;,&quot;starsonly&quot;:&quot;&quot;,&quot;best&quot;:&quot;5&quot;,&quot;gap&quot;:&quot;4&quot;,&quot;greet&quot;:&quot;&quot;,&quot;legend&quot;:&quot;5\\\/5 - (9 votos)&quot;,&quot;size&quot;:&quot;24&quot;,&quot;title&quot;:&quot;Licencia de Apertura de Tienda Minorista&quot;,&quot;width&quot;:&quot;138&quot;,&quot;_legend&quot;:&quot;{score}\\\/{best} - ({count} {votes})&quot;,&quot;font_factor&quot;:&quot;1.25&quot;}'>\n            \n<div class=\"kksr-stars\">\n    \n<div class=\"kksr-stars-inactive\">\n            <div class=\"kksr-star\" data-star=\"1\" style=\"padding-right: 4px\">\n            \n\n<div class=\"kksr-icon\" style=\"width: 24px; height: 24px;\"><\/div>\n        <\/div>\n            <div class=\"kksr-star\" data-star=\"2\" style=\"padding-right: 4px\">\n            \n\n<div class=\"kksr-icon\" style=\"width: 24px; height: 24px;\"><\/div>\n        <\/div>\n            <div class=\"kksr-star\" data-star=\"3\" style=\"padding-right: 4px\">\n            \n\n<div class=\"kksr-icon\" style=\"width: 24px; height: 24px;\"><\/div>\n        <\/div>\n            <div class=\"kksr-star\" data-star=\"4\" style=\"padding-right: 4px\">\n            \n\n<div class=\"kksr-icon\" style=\"width: 24px; height: 24px;\"><\/div>\n        <\/div>\n            <div class=\"kksr-star\" data-star=\"5\" style=\"padding-right: 4px\">\n            \n\n<div class=\"kksr-icon\" style=\"width: 24px; height: 24px;\"><\/div>\n        <\/div>\n    <\/div>\n    \n<div class=\"kksr-stars-active\" style=\"width: 138px;\">\n            <div class=\"kksr-star\" style=\"padding-right: 4px\">\n            \n\n<div class=\"kksr-icon\" style=\"width: 24px; height: 24px;\"><\/div>\n        <\/div>\n            <div class=\"kksr-star\" style=\"padding-right: 4px\">\n            \n\n<div class=\"kksr-icon\" style=\"width: 24px; height: 24px;\"><\/div>\n        <\/div>\n            <div class=\"kksr-star\" style=\"padding-right: 4px\">\n            \n\n<div class=\"kksr-icon\" style=\"width: 24px; height: 24px;\"><\/div>\n        <\/div>\n            <div class=\"kksr-star\" style=\"padding-right: 4px\">\n            \n\n<div class=\"kksr-icon\" style=\"width: 24px; height: 24px;\"><\/div>\n        <\/div>\n            <div class=\"kksr-star\" style=\"padding-right: 4px\">\n            \n\n<div class=\"kksr-icon\" style=\"width: 24px; height: 24px;\"><\/div>\n        <\/div>\n    <\/div>\n<\/div>\n                \n\n<div class=\"kksr-legend\" style=\"font-size: 19.2px;\">\n            5\/5 - (9 votos)    <\/div>\n    <\/div>\n<p id=\"bte_opp\"><small><\/small><\/p>","protected":false},"excerpt":{"rendered":"<p>Acabamos de realizar el proyecto y tramitado la licencia de apertura y actividad de un local destinado a tienda minorista. [&hellip;]<\/p>\n","protected":false},"author":1,"featured_media":2118,"comment_status":"open","ping_status":"open","sticky":false,"template":"","format":"standard","meta":{"rop_custom_images_group":[],"rop_custom_messages_group":[],"rop_publish_now":"initial","rop_publish_now_accounts":{"twitter_17708481_17708481":""},"rop_publish_now_history":[],"rop_publish_now_status":"pending","footnotes":""},"categories":[89],"tags":[583,584,469,585],"class_list":["post-2117","post","type-post","status-publish","format-standard","has-post-thumbnail","hentry","category-apertura","tag-comercio-minorista","tag-licencia-de-comercio","tag-licencia-tienda","tag-tienda-comercial"],"yoast_head":"<!-- This site is optimized with the Yoast SEO plugin v27.5 - https:\/\/yoast.com\/product\/yoast-seo-wordpress\/ -->\n<title>Licencia de Apertura de Tienda Minorista - Licencias de Apertura y Actividad<\/title>\n<meta name=\"robots\" content=\"index, follow, max-snippet:-1, max-image-preview:large, max-video-preview:-1\" \/>\n<link rel=\"canonical\" href=\"https:\/\/www.madridlicencias.com\/blog\/licencia-apertura-tienda-minorista\/\" \/>\n<meta property=\"og:locale\" content=\"es_ES\" \/>\n<meta property=\"og:type\" content=\"article\" \/>\n<meta property=\"og:title\" content=\"Licencia de Apertura de Tienda Minorista - Licencias de Apertura y Actividad\" \/>\n<meta property=\"og:description\" content=\"Acabamos de realizar el proyecto y tramitado la licencia de apertura y actividad de un local destinado a tienda minorista. [&hellip;]\" \/>\n<meta property=\"og:url\" content=\"https:\/\/www.madridlicencias.com\/blog\/licencia-apertura-tienda-minorista\/\" \/>\n<meta property=\"og:site_name\" content=\"Licencias de Apertura y Actividad\" \/>\n<meta property=\"article:publisher\" content=\"https:\/\/www.facebook.com\/ArquitectosVillanueva\" \/>\n<meta property=\"article:author\" content=\"https:\/\/www.facebook.com\/ArquitectosVillanueva\" \/>\n<meta property=\"article:published_time\" content=\"2026-02-04T11:00:34+00:00\" \/>\n<meta property=\"og:image\" content=\"https:\/\/www.madridlicencias.com\/blog\/wp-content\/uploads\/Licencia-Actividad-Tienda-Minorista.jpg\" \/>\n\t<meta property=\"og:image:width\" content=\"1600\" \/>\n\t<meta property=\"og:image:height\" content=\"1200\" \/>\n\t<meta property=\"og:image:type\" content=\"image\/jpeg\" \/>\n<meta name=\"author\" content=\"Gorka Villanueva\" \/>\n<meta name=\"twitter:card\" content=\"summary_large_image\" \/>\n<meta name=\"twitter:creator\" content=\"@gorkavillanueva\" \/>\n<meta name=\"twitter:site\" content=\"@gorkavillanueva\" \/>\n<meta name=\"twitter:label1\" content=\"Escrito por\" \/>\n\t<meta name=\"twitter:data1\" content=\"Gorka Villanueva\" \/>\n\t<meta name=\"twitter:label2\" content=\"Tiempo de lectura\" \/>\n\t<meta name=\"twitter:data2\" content=\"2 minutos\" \/>\n<script type=\"application\/ld+json\" class=\"yoast-schema-graph\">{\"@context\":\"https:\\\/\\\/schema.org\",\"@graph\":[{\"@type\":\"Article\",\"@id\":\"https:\\\/\\\/www.madridlicencias.com\\\/blog\\\/licencia-apertura-tienda-minorista\\\/#article\",\"isPartOf\":{\"@id\":\"https:\\\/\\\/www.madridlicencias.com\\\/blog\\\/licencia-apertura-tienda-minorista\\\/\"},\"author\":{\"name\":\"Gorka Villanueva\",\"@id\":\"https:\\\/\\\/www.madridlicencias.com\\\/blog\\\/#\\\/schema\\\/person\\\/33c4a38b2dfdf1309dd9a667d142c13c\"},\"headline\":\"Licencia de Apertura de Tienda Minorista\",\"datePublished\":\"2026-02-04T11:00:34+00:00\",\"mainEntityOfPage\":{\"@id\":\"https:\\\/\\\/www.madridlicencias.com\\\/blog\\\/licencia-apertura-tienda-minorista\\\/\"},\"wordCount\":343,\"commentCount\":0,\"publisher\":{\"@id\":\"https:\\\/\\\/www.madridlicencias.com\\\/blog\\\/#\\\/schema\\\/person\\\/33c4a38b2dfdf1309dd9a667d142c13c\"},\"image\":{\"@id\":\"https:\\\/\\\/www.madridlicencias.com\\\/blog\\\/licencia-apertura-tienda-minorista\\\/#primaryimage\"},\"thumbnailUrl\":\"https:\\\/\\\/www.madridlicencias.com\\\/blog\\\/wp-content\\\/uploads\\\/Licencia-Actividad-Tienda-Minorista.jpg\",\"keywords\":[\"comercio minorista\",\"licencia de comercio\",\"licencia tienda\",\"tienda comercial\"],\"articleSection\":[\"Apertura\"],\"inLanguage\":\"es\",\"potentialAction\":[{\"@type\":\"CommentAction\",\"name\":\"Comment\",\"target\":[\"https:\\\/\\\/www.madridlicencias.com\\\/blog\\\/licencia-apertura-tienda-minorista\\\/#respond\"]}]},{\"@type\":\"WebPage\",\"@id\":\"https:\\\/\\\/www.madridlicencias.com\\\/blog\\\/licencia-apertura-tienda-minorista\\\/\",\"url\":\"https:\\\/\\\/www.madridlicencias.com\\\/blog\\\/licencia-apertura-tienda-minorista\\\/\",\"name\":\"Licencia de Apertura de Tienda Minorista - Licencias de Apertura y Actividad\",\"isPartOf\":{\"@id\":\"https:\\\/\\\/www.madridlicencias.com\\\/blog\\\/#website\"},\"primaryImageOfPage\":{\"@id\":\"https:\\\/\\\/www.madridlicencias.com\\\/blog\\\/licencia-apertura-tienda-minorista\\\/#primaryimage\"},\"image\":{\"@id\":\"https:\\\/\\\/www.madridlicencias.com\\\/blog\\\/licencia-apertura-tienda-minorista\\\/#primaryimage\"},\"thumbnailUrl\":\"https:\\\/\\\/www.madridlicencias.com\\\/blog\\\/wp-content\\\/uploads\\\/Licencia-Actividad-Tienda-Minorista.jpg\",\"datePublished\":\"2026-02-04T11:00:34+00:00\",\"breadcrumb\":{\"@id\":\"https:\\\/\\\/www.madridlicencias.com\\\/blog\\\/licencia-apertura-tienda-minorista\\\/#breadcrumb\"},\"inLanguage\":\"es\",\"potentialAction\":[{\"@type\":\"ReadAction\",\"target\":[\"https:\\\/\\\/www.madridlicencias.com\\\/blog\\\/licencia-apertura-tienda-minorista\\\/\"]}]},{\"@type\":\"ImageObject\",\"inLanguage\":\"es\",\"@id\":\"https:\\\/\\\/www.madridlicencias.com\\\/blog\\\/licencia-apertura-tienda-minorista\\\/#primaryimage\",\"url\":\"https:\\\/\\\/www.madridlicencias.com\\\/blog\\\/wp-content\\\/uploads\\\/Licencia-Actividad-Tienda-Minorista.jpg\",\"contentUrl\":\"https:\\\/\\\/www.madridlicencias.com\\\/blog\\\/wp-content\\\/uploads\\\/Licencia-Actividad-Tienda-Minorista.jpg\",\"width\":1600,\"height\":1200},{\"@type\":\"BreadcrumbList\",\"@id\":\"https:\\\/\\\/www.madridlicencias.com\\\/blog\\\/licencia-apertura-tienda-minorista\\\/#breadcrumb\",\"itemListElement\":[{\"@type\":\"ListItem\",\"position\":1,\"name\":\"Portada\",\"item\":\"https:\\\/\\\/www.madridlicencias.com\\\/blog\\\/\"},{\"@type\":\"ListItem\",\"position\":2,\"name\":\"Licencia de Apertura de Tienda Minorista\"}]},{\"@type\":\"WebSite\",\"@id\":\"https:\\\/\\\/www.madridlicencias.com\\\/blog\\\/#website\",\"url\":\"https:\\\/\\\/www.madridlicencias.com\\\/blog\\\/\",\"name\":\"Licencias de Apertura y Actividad\",\"description\":\"Especializados en la tramitaci\u00f3n de licencias de actividad, licencias de apertura y declaraciones responsables. Resolvemos todas tus dudas sobre c\u00f3mo obtener tu licencia de funcionamiento y gestionar los tr\u00e1mites con el Ayuntamiento. Somos expertos en la gesti\u00f3n de aperturas de negocios. Este espacio est\u00e1 dise\u00f1ado para guiarte en el complejo mundo de las licencias de actividad y la burocracia urban\u00edstica. Aqu\u00ed encontrar\u00e1s an\u00e1lisis de normativa, gu\u00edas de procedimiento y ejemplos pr\u00e1cticos para tu negocio o local. Convierte tu proyecto en realidad con informaci\u00f3n t\u00e9cnica actualizada y fiable.\",\"publisher\":{\"@id\":\"https:\\\/\\\/www.madridlicencias.com\\\/blog\\\/#\\\/schema\\\/person\\\/33c4a38b2dfdf1309dd9a667d142c13c\"},\"potentialAction\":[{\"@type\":\"SearchAction\",\"target\":{\"@type\":\"EntryPoint\",\"urlTemplate\":\"https:\\\/\\\/www.madridlicencias.com\\\/blog\\\/?s={search_term_string}\"},\"query-input\":{\"@type\":\"PropertyValueSpecification\",\"valueRequired\":true,\"valueName\":\"search_term_string\"}}],\"inLanguage\":\"es\"},{\"@type\":[\"Person\",\"Organization\"],\"@id\":\"https:\\\/\\\/www.madridlicencias.com\\\/blog\\\/#\\\/schema\\\/person\\\/33c4a38b2dfdf1309dd9a667d142c13c\",\"name\":\"Gorka Villanueva\",\"image\":{\"@type\":\"ImageObject\",\"inLanguage\":\"es\",\"@id\":\"https:\\\/\\\/secure.gravatar.com\\\/avatar\\\/2b22df0b555528a455bd6d7a4d62706746a36d31559440cca3a43072b34ff7ad?s=96&d=mm&r=g\",\"url\":\"https:\\\/\\\/secure.gravatar.com\\\/avatar\\\/2b22df0b555528a455bd6d7a4d62706746a36d31559440cca3a43072b34ff7ad?s=96&d=mm&r=g\",\"contentUrl\":\"https:\\\/\\\/secure.gravatar.com\\\/avatar\\\/2b22df0b555528a455bd6d7a4d62706746a36d31559440cca3a43072b34ff7ad?s=96&d=mm&r=g\",\"caption\":\"Gorka Villanueva\"},\"logo\":{\"@id\":\"https:\\\/\\\/secure.gravatar.com\\\/avatar\\\/2b22df0b555528a455bd6d7a4d62706746a36d31559440cca3a43072b34ff7ad?s=96&d=mm&r=g\"},\"sameAs\":[\"http:\\\/\\\/www.madridlicencias.com\",\"https:\\\/\\\/www.facebook.com\\\/ArquitectosVillanueva\",\"https:\\\/\\\/www.linkedin.com\\\/in\\\/gorkavilla\\\/\"],\"url\":\"https:\\\/\\\/www.madridlicencias.com\\\/blog\\\/author\\\/madridli\\\/\"}]}<\/script>\n<!-- \/ Yoast SEO plugin. -->","yoast_head_json":{"title":"Licencia de Apertura de Tienda Minorista - Licencias de Apertura y Actividad","robots":{"index":"index","follow":"follow","max-snippet":"max-snippet:-1","max-image-preview":"max-image-preview:large","max-video-preview":"max-video-preview:-1"},"canonical":"https:\/\/www.madridlicencias.com\/blog\/licencia-apertura-tienda-minorista\/","og_locale":"es_ES","og_type":"article","og_title":"Licencia de Apertura de Tienda Minorista - Licencias de Apertura y Actividad","og_description":"Acabamos de realizar el proyecto y tramitado la licencia de apertura y actividad de un local destinado a tienda minorista. [&hellip;]","og_url":"https:\/\/www.madridlicencias.com\/blog\/licencia-apertura-tienda-minorista\/","og_site_name":"Licencias de Apertura y Actividad","article_publisher":"https:\/\/www.facebook.com\/ArquitectosVillanueva","article_author":"https:\/\/www.facebook.com\/ArquitectosVillanueva","article_published_time":"2026-02-04T11:00:34+00:00","og_image":[{"width":1600,"height":1200,"url":"https:\/\/www.madridlicencias.com\/blog\/wp-content\/uploads\/Licencia-Actividad-Tienda-Minorista.jpg","type":"image\/jpeg"}],"author":"Gorka Villanueva","twitter_card":"summary_large_image","twitter_creator":"@gorkavillanueva","twitter_site":"@gorkavillanueva","twitter_misc":{"Escrito por":"Gorka Villanueva","Tiempo de lectura":"2 minutos"},"schema":{"@context":"https:\/\/schema.org","@graph":[{"@type":"Article","@id":"https:\/\/www.madridlicencias.com\/blog\/licencia-apertura-tienda-minorista\/#article","isPartOf":{"@id":"https:\/\/www.madridlicencias.com\/blog\/licencia-apertura-tienda-minorista\/"},"author":{"name":"Gorka Villanueva","@id":"https:\/\/www.madridlicencias.com\/blog\/#\/schema\/person\/33c4a38b2dfdf1309dd9a667d142c13c"},"headline":"Licencia de Apertura de Tienda Minorista","datePublished":"2026-02-04T11:00:34+00:00","mainEntityOfPage":{"@id":"https:\/\/www.madridlicencias.com\/blog\/licencia-apertura-tienda-minorista\/"},"wordCount":343,"commentCount":0,"publisher":{"@id":"https:\/\/www.madridlicencias.com\/blog\/#\/schema\/person\/33c4a38b2dfdf1309dd9a667d142c13c"},"image":{"@id":"https:\/\/www.madridlicencias.com\/blog\/licencia-apertura-tienda-minorista\/#primaryimage"},"thumbnailUrl":"https:\/\/www.madridlicencias.com\/blog\/wp-content\/uploads\/Licencia-Actividad-Tienda-Minorista.jpg","keywords":["comercio minorista","licencia de comercio","licencia tienda","tienda comercial"],"articleSection":["Apertura"],"inLanguage":"es","potentialAction":[{"@type":"CommentAction","name":"Comment","target":["https:\/\/www.madridlicencias.com\/blog\/licencia-apertura-tienda-minorista\/#respond"]}]},{"@type":"WebPage","@id":"https:\/\/www.madridlicencias.com\/blog\/licencia-apertura-tienda-minorista\/","url":"https:\/\/www.madridlicencias.com\/blog\/licencia-apertura-tienda-minorista\/","name":"Licencia de Apertura de Tienda Minorista - Licencias de Apertura y Actividad","isPartOf":{"@id":"https:\/\/www.madridlicencias.com\/blog\/#website"},"primaryImageOfPage":{"@id":"https:\/\/www.madridlicencias.com\/blog\/licencia-apertura-tienda-minorista\/#primaryimage"},"image":{"@id":"https:\/\/www.madridlicencias.com\/blog\/licencia-apertura-tienda-minorista\/#primaryimage"},"thumbnailUrl":"https:\/\/www.madridlicencias.com\/blog\/wp-content\/uploads\/Licencia-Actividad-Tienda-Minorista.jpg","datePublished":"2026-02-04T11:00:34+00:00","breadcrumb":{"@id":"https:\/\/www.madridlicencias.com\/blog\/licencia-apertura-tienda-minorista\/#breadcrumb"},"inLanguage":"es","potentialAction":[{"@type":"ReadAction","target":["https:\/\/www.madridlicencias.com\/blog\/licencia-apertura-tienda-minorista\/"]}]},{"@type":"ImageObject","inLanguage":"es","@id":"https:\/\/www.madridlicencias.com\/blog\/licencia-apertura-tienda-minorista\/#primaryimage","url":"https:\/\/www.madridlicencias.com\/blog\/wp-content\/uploads\/Licencia-Actividad-Tienda-Minorista.jpg","contentUrl":"https:\/\/www.madridlicencias.com\/blog\/wp-content\/uploads\/Licencia-Actividad-Tienda-Minorista.jpg","width":1600,"height":1200},{"@type":"BreadcrumbList","@id":"https:\/\/www.madridlicencias.com\/blog\/licencia-apertura-tienda-minorista\/#breadcrumb","itemListElement":[{"@type":"ListItem","position":1,"name":"Portada","item":"https:\/\/www.madridlicencias.com\/blog\/"},{"@type":"ListItem","position":2,"name":"Licencia de Apertura de Tienda Minorista"}]},{"@type":"WebSite","@id":"https:\/\/www.madridlicencias.com\/blog\/#website","url":"https:\/\/www.madridlicencias.com\/blog\/","name":"Licencias de Apertura y Actividad","description":"Especializados en la tramitaci\u00f3n de licencias de actividad, licencias de apertura y declaraciones responsables. Resolvemos todas tus dudas sobre c\u00f3mo obtener tu licencia de funcionamiento y gestionar los tr\u00e1mites con el Ayuntamiento. Somos expertos en la gesti\u00f3n de aperturas de negocios. Este espacio est\u00e1 dise\u00f1ado para guiarte en el complejo mundo de las licencias de actividad y la burocracia urban\u00edstica. Aqu\u00ed encontrar\u00e1s an\u00e1lisis de normativa, gu\u00edas de procedimiento y ejemplos pr\u00e1cticos para tu negocio o local. Convierte tu proyecto en realidad con informaci\u00f3n t\u00e9cnica actualizada y fiable.","publisher":{"@id":"https:\/\/www.madridlicencias.com\/blog\/#\/schema\/person\/33c4a38b2dfdf1309dd9a667d142c13c"},"potentialAction":[{"@type":"SearchAction","target":{"@type":"EntryPoint","urlTemplate":"https:\/\/www.madridlicencias.com\/blog\/?s={search_term_string}"},"query-input":{"@type":"PropertyValueSpecification","valueRequired":true,"valueName":"search_term_string"}}],"inLanguage":"es"},{"@type":["Person","Organization"],"@id":"https:\/\/www.madridlicencias.com\/blog\/#\/schema\/person\/33c4a38b2dfdf1309dd9a667d142c13c","name":"Gorka Villanueva","image":{"@type":"ImageObject","inLanguage":"es","@id":"https:\/\/secure.gravatar.com\/avatar\/2b22df0b555528a455bd6d7a4d62706746a36d31559440cca3a43072b34ff7ad?s=96&d=mm&r=g","url":"https:\/\/secure.gravatar.com\/avatar\/2b22df0b555528a455bd6d7a4d62706746a36d31559440cca3a43072b34ff7ad?s=96&d=mm&r=g","contentUrl":"https:\/\/secure.gravatar.com\/avatar\/2b22df0b555528a455bd6d7a4d62706746a36d31559440cca3a43072b34ff7ad?s=96&d=mm&r=g","caption":"Gorka Villanueva"},"logo":{"@id":"https:\/\/secure.gravatar.com\/avatar\/2b22df0b555528a455bd6d7a4d62706746a36d31559440cca3a43072b34ff7ad?s=96&d=mm&r=g"},"sameAs":["http:\/\/www.madridlicencias.com","https:\/\/www.facebook.com\/ArquitectosVillanueva","https:\/\/www.linkedin.com\/in\/gorkavilla\/"],"url":"https:\/\/www.madridlicencias.com\/blog\/author\/madridli\/"}]}},"_links":{"self":[{"href":"https:\/\/www.madridlicencias.com\/blog\/wp-json\/wp\/v2\/posts\/2117","targetHints":{"allow":["GET"]}}],"collection":[{"href":"https:\/\/www.madridlicencias.com\/blog\/wp-json\/wp\/v2\/posts"}],"about":[{"href":"https:\/\/www.madridlicencias.com\/blog\/wp-json\/wp\/v2\/types\/post"}],"author":[{"embeddable":true,"href":"https:\/\/www.madridlicencias.com\/blog\/wp-json\/wp\/v2\/users\/1"}],"replies":[{"embeddable":true,"href":"https:\/\/www.madridlicencias.com\/blog\/wp-json\/wp\/v2\/comments?post=2117"}],"version-history":[{"count":1,"href":"https:\/\/www.madridlicencias.com\/blog\/wp-json\/wp\/v2\/posts\/2117\/revisions"}],"predecessor-version":[{"id":2121,"href":"https:\/\/www.madridlicencias.com\/blog\/wp-json\/wp\/v2\/posts\/2117\/revisions\/2121"}],"wp:featuredmedia":[{"embeddable":true,"href":"https:\/\/www.madridlicencias.com\/blog\/wp-json\/wp\/v2\/media\/2118"}],"wp:attachment":[{"href":"https:\/\/www.madridlicencias.com\/blog\/wp-json\/wp\/v2\/media?parent=2117"}],"wp:term":[{"taxonomy":"category","embeddable":true,"href":"https:\/\/www.madridlicencias.com\/blog\/wp-json\/wp\/v2\/categories?post=2117"},{"taxonomy":"post_tag","embeddable":true,"href":"https:\/\/www.madridlicencias.com\/blog\/wp-json\/wp\/v2\/tags?post=2117"}],"curies":[{"name":"wp","href":"https:\/\/api.w.org\/{rel}","templated":true}]}}