{"id":219,"date":"2015-10-06T22:23:20","date_gmt":"2015-10-06T20:23:20","guid":{"rendered":"http:\/\/www.madridlicencias.com\/blog\/?p=219"},"modified":"2022-02-21T10:33:24","modified_gmt":"2022-02-21T08:33:24","slug":"protesta-en-villaverde-y-usera-contra-el-crematorio-de-san-fermin","status":"publish","type":"post","link":"https:\/\/www.madridlicencias.com\/blog\/protesta-en-villaverde-y-usera-contra-el-crematorio-de-san-fermin\/","title":{"rendered":"Protesta en Villaverde y Usera contra el crematorio de San Ferm\u00edn"},"content":{"rendered":"<p style=\"text-align: justify;\">Varios miles de vecinos de <strong>Villaverde<\/strong> y <strong>San Ferm\u00edn<\/strong> (Usera) se han manifestado esta tarde por las calles de ambos distritos para protestar contra la construcci\u00f3n de un <strong>crematorio<\/strong> en el tanatorio de la M-40.<\/p>\n<p style=\"text-align: justify;\">Convocados por distintas asociaciones de Villaverde y Usera y por la Federaci\u00f3n Regional de Asociaciones de Vecinos de Madrid (<strong>Fravm<\/strong>), los manifestantes han salido a las 18.30 de tres puntos (el cruce de Villaverde, la plaza de la Mezquita de San Ferm\u00edn y el inicio de la avenida de los Rosales, en el barrio de Butarque).<\/p>\n<p style=\"text-align: justify;\"><a href=\"http:\/\/www.madridlicencias.com\/blog\/wp-content\/uploads\/Manifestaci\u00f3n-Crematorio.jpg\"><img loading=\"lazy\" decoding=\"async\" class=\" wp-image-221 alignleft\" src=\"http:\/\/www.madridlicencias.com\/blog\/wp-content\/uploads\/Manifestaci\u00f3n-Crematorio.jpg\" alt=\"Manifestaci\u00f3n Crematorio\" width=\"329\" height=\"465\" srcset=\"https:\/\/www.madridlicencias.com\/blog\/wp-content\/uploads\/Manifestaci\u00f3n-Crematorio.jpg 600w, https:\/\/www.madridlicencias.com\/blog\/wp-content\/uploads\/Manifestaci\u00f3n-Crematorio-212x300.jpg 212w, https:\/\/www.madridlicencias.com\/blog\/wp-content\/uploads\/Manifestaci\u00f3n-Crematorio-300x424.jpg 300w\" sizes=\"auto, (max-width: 329px) 100vw, 329px\" \/><\/a>Las tres marchas han confluido una hora y media despu\u00e9s en las inmediaciones del tanatorio, donde han guardado silencio \u00abpor respeto\u00bb a las personas que estaban velando a sus familiares y amigos. Al t\u00e9rmino de la manifestaci\u00f3n, V\u00edctor Renes, de la asociaci\u00f3n de vecinos de San Ferm\u00edn, ha le\u00eddo un comunicado.<\/p>\n<p style=\"text-align: justify;\">&#8216;<strong>No al crematorio. Por nuestra salud<\/strong>&#8216;, se pod\u00eda leer en la pancarta que encabezaba una de las marchas de protesta, en la que las consignas m\u00e1s coreadas han sido \u00abque no que no, que no al <strong>crematorio<\/strong>\u00ab, \u00abParcesa, escucha, Villaverde est\u00e1 en lucha\u00bb y \u00abel crematorio a La Moraleja\u00bb.<\/p>\n<p style=\"text-align: justify;\">La empresa Parcesa, propietaria del tanatorio de la M-40, ya hab\u00eda solicitado una licencia con el mismo fin en 2002, pero la movilizaci\u00f3n vecinal, que reuni\u00f3 15.000 firmas, la paraliz\u00f3.<\/p>\n<p style=\"text-align: justify;\">Trece a\u00f1os m\u00e1s tarde, el 15 de septiembre pasado, se someti\u00f3 a informaci\u00f3n p\u00fablica por parte del <strong>Ayuntamiento de Madrid<\/strong> la solicitud de <strong>licencia<\/strong> que ha pedido nuevamente para instalar este horno en el n\u00famero 36 de la avenida de Los Rosales, muy cerca de la <strong>Caja M\u00e1gica<\/strong>.<\/p>\n<p style=\"text-align: justify;\">Los vecinos recuerdan que la ordenanza municipal exige \u00abuna distancia m\u00ednima de <strong>250 metros<\/strong> desde el foco de emisi\u00f3n a viviendas o lugares de permanencia habitual de personas\u00bb, algo que, a su juicio, se incumple \u00abde manera clara\u00bb ya que \u00aba escasos metros de la construcci\u00f3n solicitada se encuentra el instituto El Espinillo, dos parques, varios bloques de viviendas y dos centros comerciales, entre otros espacios incluidos en la <strong>ordenanza<\/strong>\u00ab.<\/p>\n<p style=\"text-align: justify;\">Las asociaciones vecinales de Villaverde y Usera consideran que la zona est\u00e1 \u00abmuy castigada medioambientalmente\u00bb, ya que tiene que soportar los olores de la <strong>incineradora<\/strong> de Valdeming\u00f3mez y de dos depuradoras cercanas, y se ver\u00eda agudizada con la construcci\u00f3n de un horno crematorio que desprende \u00abmalos olores\u00bb y genera, seg\u00fan estas asociaciones, \u00absustancias nocivas como mercurio, di\u00f3xidos de sulfuro, \u00f3xidos de nitr\u00f3geno o cloruro de hidr\u00f3geno, entre otros\u00bb.<\/p>\n<p style=\"text-align: justify;\"><!--more--><br \/>\n\u00abEstamos hartos de que todas las instalaciones insalubres las pongan aqu\u00ed\u00bb, ha dicho a Efe Ver\u00f3nica Parra, de la Asociaci\u00f3n de Vecinos Independiente de Butarque, durante la protesta.<\/p>\n<p style=\"text-align: justify;\">Varias asociaciones vecinales han recogido m\u00e1s de 7.000 firmas para presentar <strong>alegaciones al Ayuntamiento<\/strong>.<\/p>\n<p style=\"text-align: justify;\">Partidos como el PSOE y Equo han manifestado que se oponen a la construcci\u00f3n del <strong>crematorio<\/strong>.<\/p>\n<p style=\"text-align: justify;\">Los concejales del Grupo Municipal Socialista Ignacio Benito y Chema D\u00e1vila han acudido esta tarde a la <strong>manifestaci\u00f3n<\/strong>.<\/p>\n<p style=\"text-align: justify;\">En un comunicado, los ediles socialistas explican su \u00aboposici\u00f3n frontal\u00bb al proyecto y sostienen que la ampliaci\u00f3n del tanatorio podr\u00eda ser \u00abilegal\u00bb ya que la ordenanza municipal proh\u00edbe instalaciones de estas caracter\u00edsticas junto a zonas habitadas.<\/p>\n<p style=\"text-align: justify;\">D\u00e1vila ha subrayado que \u00ablos vecinos de Villaverde y Usera ya soportan las molestias y los olores que causan las depuradoras de La China, La Gavia y Butarque\u00bb.<\/p>\n<p style=\"text-align: justify;\">Benito ha recordado que la <a href=\"https:\/\/www.comunidad.madrid\/\" target=\"_blank\" rel=\"noopener\"><strong>Comunidad de Madrid<\/strong><\/a> cataloga este tipo de instalaciones como \u00abpotencialmente nocivas por las altas concentraciones de part\u00edculas t\u00f3xicas\u00bb, y ha asegurado que su grupo municipal emprender\u00e1 \u00abcuantas iniciativas sean necesarias para impedir que el proyecto se pueda llevar a cabo\u00bb.<\/p>\n<p style=\"text-align: justify;\">V\u00eda: <a href=\"http:\/\/www.lavanguardia.com\" target=\"_blank\" rel=\"noopener\">www.lavanguardia.com<\/a><\/p>\n\n\n<div class=\"kk-star-ratings kksr-auto kksr-align-left kksr-valign-bottom\"\n    data-payload='{&quot;align&quot;:&quot;left&quot;,&quot;id&quot;:&quot;219&quot;,&quot;slug&quot;:&quot;default&quot;,&quot;valign&quot;:&quot;bottom&quot;,&quot;ignore&quot;:&quot;&quot;,&quot;reference&quot;:&quot;auto&quot;,&quot;class&quot;:&quot;&quot;,&quot;count&quot;:&quot;0&quot;,&quot;legendonly&quot;:&quot;&quot;,&quot;readonly&quot;:&quot;&quot;,&quot;score&quot;:&quot;0&quot;,&quot;starsonly&quot;:&quot;&quot;,&quot;best&quot;:&quot;5&quot;,&quot;gap&quot;:&quot;4&quot;,&quot;greet&quot;:&quot;&quot;,&quot;legend&quot;:&quot;0\\\/5 - (0 votos)&quot;,&quot;size&quot;:&quot;24&quot;,&quot;title&quot;:&quot;Protesta en Villaverde y Usera contra el crematorio de San Ferm\u00edn&quot;,&quot;width&quot;:&quot;0&quot;,&quot;_legend&quot;:&quot;{score}\\\/{best} - ({count} {votes})&quot;,&quot;font_factor&quot;:&quot;1.25&quot;}'>\n            \n<div class=\"kksr-stars\">\n    \n<div class=\"kksr-stars-inactive\">\n            <div class=\"kksr-star\" data-star=\"1\" style=\"padding-right: 4px\">\n            \n\n<div class=\"kksr-icon\" style=\"width: 24px; height: 24px;\"><\/div>\n        <\/div>\n            <div class=\"kksr-star\" data-star=\"2\" style=\"padding-right: 4px\">\n            \n\n<div class=\"kksr-icon\" style=\"width: 24px; height: 24px;\"><\/div>\n        <\/div>\n            <div class=\"kksr-star\" data-star=\"3\" style=\"padding-right: 4px\">\n            \n\n<div class=\"kksr-icon\" style=\"width: 24px; height: 24px;\"><\/div>\n        <\/div>\n            <div class=\"kksr-star\" data-star=\"4\" style=\"padding-right: 4px\">\n            \n\n<div class=\"kksr-icon\" style=\"width: 24px; height: 24px;\"><\/div>\n        <\/div>\n            <div class=\"kksr-star\" data-star=\"5\" style=\"padding-right: 4px\">\n            \n\n<div class=\"kksr-icon\" style=\"width: 24px; height: 24px;\"><\/div>\n        <\/div>\n    <\/div>\n    \n<div class=\"kksr-stars-active\" style=\"width: 0px;\">\n            <div class=\"kksr-star\" style=\"padding-right: 4px\">\n            \n\n<div class=\"kksr-icon\" style=\"width: 24px; height: 24px;\"><\/div>\n        <\/div>\n            <div class=\"kksr-star\" style=\"padding-right: 4px\">\n            \n\n<div class=\"kksr-icon\" style=\"width: 24px; height: 24px;\"><\/div>\n        <\/div>\n            <div class=\"kksr-star\" style=\"padding-right: 4px\">\n            \n\n<div class=\"kksr-icon\" style=\"width: 24px; height: 24px;\"><\/div>\n        <\/div>\n            <div class=\"kksr-star\" style=\"padding-right: 4px\">\n            \n\n<div class=\"kksr-icon\" style=\"width: 24px; height: 24px;\"><\/div>\n        <\/div>\n            <div class=\"kksr-star\" style=\"padding-right: 4px\">\n            \n\n<div class=\"kksr-icon\" style=\"width: 24px; height: 24px;\"><\/div>\n        <\/div>\n    <\/div>\n<\/div>\n                \n\n<div class=\"kksr-legend\" style=\"font-size: 19.2px;\">\n            <span class=\"kksr-muted\"><\/span>\n    <\/div>\n    <\/div>\n","protected":false},"excerpt":{"rendered":"<p>Varios miles de vecinos de Villaverde y San Ferm\u00edn (Usera) se han manifestado esta tarde por las calles de ambos [&hellip;]<\/p>\n","protected":false},"author":1,"featured_media":221,"comment_status":"open","ping_status":"open","sticky":false,"template":"","format":"standard","meta":{"rop_custom_images_group":[],"rop_custom_messages_group":[],"rop_publish_now":"initial","rop_publish_now_accounts":{"twitter_17708481_17708481":""},"rop_publish_now_history":[],"rop_publish_now_status":"pending","footnotes":""},"categories":[145],"tags":[107,102,106,104,103,105],"class_list":["post-219","post","type-post","status-publish","format-standard","has-post-thumbnail","hentry","category-noticias","tag-cementerio","tag-crematorio","tag-depuradora","tag-incineradora","tag-tanatorio","tag-vertedero"],"yoast_head":"<!-- This site is optimized with the Yoast SEO plugin v27.5 - https:\/\/yoast.com\/product\/yoast-seo-wordpress\/ -->\n<title>Protesta en Villaverde y Usera contra el crematorio de San Ferm\u00edn<\/title>\n<meta name=\"description\" content=\"Vecinos de Villaverde y San Ferm\u00edn se han manifestado por las calles de ambos distritos para protestar contra la construcci\u00f3n de un crematorio.\" \/>\n<meta name=\"robots\" content=\"index, follow, max-snippet:-1, max-image-preview:large, max-video-preview:-1\" \/>\n<link rel=\"canonical\" href=\"https:\/\/www.madridlicencias.com\/blog\/protesta-en-villaverde-y-usera-contra-el-crematorio-de-san-fermin\/\" \/>\n<meta property=\"og:locale\" content=\"es_ES\" \/>\n<meta property=\"og:type\" content=\"article\" \/>\n<meta property=\"og:title\" content=\"Protesta en Villaverde y Usera contra el crematorio de San Ferm\u00edn\" \/>\n<meta property=\"og:description\" content=\"Vecinos de Villaverde y San Ferm\u00edn se han manifestado por las calles de ambos distritos para protestar contra la construcci\u00f3n de un crematorio.\" \/>\n<meta property=\"og:url\" content=\"https:\/\/www.madridlicencias.com\/blog\/protesta-en-villaverde-y-usera-contra-el-crematorio-de-san-fermin\/\" \/>\n<meta property=\"og:site_name\" content=\"Licencias de Apertura y Actividad\" \/>\n<meta property=\"article:publisher\" content=\"https:\/\/www.facebook.com\/ArquitectosVillanueva\" \/>\n<meta property=\"article:author\" content=\"https:\/\/www.facebook.com\/ArquitectosVillanueva\" \/>\n<meta property=\"article:published_time\" content=\"2015-10-06T20:23:20+00:00\" \/>\n<meta property=\"article:modified_time\" content=\"2022-02-21T08:33:24+00:00\" \/>\n<meta property=\"og:image\" content=\"https:\/\/www.madridlicencias.com\/blog\/wp-content\/uploads\/Manifestaci\u00f3n-Crematorio.jpg\" \/>\n\t<meta property=\"og:image:width\" content=\"600\" \/>\n\t<meta property=\"og:image:height\" content=\"848\" \/>\n\t<meta property=\"og:image:type\" content=\"image\/jpeg\" \/>\n<meta name=\"author\" content=\"Gorka Villanueva\" \/>\n<meta name=\"twitter:card\" content=\"summary_large_image\" \/>\n<meta name=\"twitter:creator\" content=\"@gorkavillanueva\" \/>\n<meta name=\"twitter:site\" content=\"@gorkavillanueva\" \/>\n<meta name=\"twitter:label1\" content=\"Escrito por\" \/>\n\t<meta name=\"twitter:data1\" content=\"Gorka Villanueva\" \/>\n\t<meta name=\"twitter:label2\" content=\"Tiempo de lectura\" \/>\n\t<meta name=\"twitter:data2\" content=\"3 minutos\" \/>\n<script type=\"application\/ld+json\" class=\"yoast-schema-graph\">{\"@context\":\"https:\\\/\\\/schema.org\",\"@graph\":[{\"@type\":\"Article\",\"@id\":\"https:\\\/\\\/www.madridlicencias.com\\\/blog\\\/protesta-en-villaverde-y-usera-contra-el-crematorio-de-san-fermin\\\/#article\",\"isPartOf\":{\"@id\":\"https:\\\/\\\/www.madridlicencias.com\\\/blog\\\/protesta-en-villaverde-y-usera-contra-el-crematorio-de-san-fermin\\\/\"},\"author\":{\"name\":\"Gorka Villanueva\",\"@id\":\"https:\\\/\\\/www.madridlicencias.com\\\/blog\\\/#\\\/schema\\\/person\\\/33c4a38b2dfdf1309dd9a667d142c13c\"},\"headline\":\"Protesta en Villaverde y Usera contra el crematorio de San Ferm\u00edn\",\"datePublished\":\"2015-10-06T20:23:20+00:00\",\"dateModified\":\"2022-02-21T08:33:24+00:00\",\"mainEntityOfPage\":{\"@id\":\"https:\\\/\\\/www.madridlicencias.com\\\/blog\\\/protesta-en-villaverde-y-usera-contra-el-crematorio-de-san-fermin\\\/\"},\"wordCount\":647,\"commentCount\":0,\"publisher\":{\"@id\":\"https:\\\/\\\/www.madridlicencias.com\\\/blog\\\/#\\\/schema\\\/person\\\/33c4a38b2dfdf1309dd9a667d142c13c\"},\"image\":{\"@id\":\"https:\\\/\\\/www.madridlicencias.com\\\/blog\\\/protesta-en-villaverde-y-usera-contra-el-crematorio-de-san-fermin\\\/#primaryimage\"},\"thumbnailUrl\":\"https:\\\/\\\/www.madridlicencias.com\\\/blog\\\/wp-content\\\/uploads\\\/Manifestaci\u00f3n-Crematorio.jpg\",\"keywords\":[\"cementerio\",\"crematorio\",\"depuradora\",\"incineradora\",\"tanatorio\",\"vertedero\"],\"articleSection\":[\"Noticias\"],\"inLanguage\":\"es\",\"potentialAction\":[{\"@type\":\"CommentAction\",\"name\":\"Comment\",\"target\":[\"https:\\\/\\\/www.madridlicencias.com\\\/blog\\\/protesta-en-villaverde-y-usera-contra-el-crematorio-de-san-fermin\\\/#respond\"]}]},{\"@type\":\"WebPage\",\"@id\":\"https:\\\/\\\/www.madridlicencias.com\\\/blog\\\/protesta-en-villaverde-y-usera-contra-el-crematorio-de-san-fermin\\\/\",\"url\":\"https:\\\/\\\/www.madridlicencias.com\\\/blog\\\/protesta-en-villaverde-y-usera-contra-el-crematorio-de-san-fermin\\\/\",\"name\":\"Protesta en Villaverde y Usera contra el crematorio de San Ferm\u00edn\",\"isPartOf\":{\"@id\":\"https:\\\/\\\/www.madridlicencias.com\\\/blog\\\/#website\"},\"primaryImageOfPage\":{\"@id\":\"https:\\\/\\\/www.madridlicencias.com\\\/blog\\\/protesta-en-villaverde-y-usera-contra-el-crematorio-de-san-fermin\\\/#primaryimage\"},\"image\":{\"@id\":\"https:\\\/\\\/www.madridlicencias.com\\\/blog\\\/protesta-en-villaverde-y-usera-contra-el-crematorio-de-san-fermin\\\/#primaryimage\"},\"thumbnailUrl\":\"https:\\\/\\\/www.madridlicencias.com\\\/blog\\\/wp-content\\\/uploads\\\/Manifestaci\u00f3n-Crematorio.jpg\",\"datePublished\":\"2015-10-06T20:23:20+00:00\",\"dateModified\":\"2022-02-21T08:33:24+00:00\",\"description\":\"Vecinos de Villaverde y San Ferm\u00edn se han manifestado por las calles de ambos distritos para protestar contra la construcci\u00f3n de un crematorio.\",\"breadcrumb\":{\"@id\":\"https:\\\/\\\/www.madridlicencias.com\\\/blog\\\/protesta-en-villaverde-y-usera-contra-el-crematorio-de-san-fermin\\\/#breadcrumb\"},\"inLanguage\":\"es\",\"potentialAction\":[{\"@type\":\"ReadAction\",\"target\":[\"https:\\\/\\\/www.madridlicencias.com\\\/blog\\\/protesta-en-villaverde-y-usera-contra-el-crematorio-de-san-fermin\\\/\"]}]},{\"@type\":\"ImageObject\",\"inLanguage\":\"es\",\"@id\":\"https:\\\/\\\/www.madridlicencias.com\\\/blog\\\/protesta-en-villaverde-y-usera-contra-el-crematorio-de-san-fermin\\\/#primaryimage\",\"url\":\"https:\\\/\\\/www.madridlicencias.com\\\/blog\\\/wp-content\\\/uploads\\\/Manifestaci\u00f3n-Crematorio.jpg\",\"contentUrl\":\"https:\\\/\\\/www.madridlicencias.com\\\/blog\\\/wp-content\\\/uploads\\\/Manifestaci\u00f3n-Crematorio.jpg\",\"width\":600,\"height\":848},{\"@type\":\"BreadcrumbList\",\"@id\":\"https:\\\/\\\/www.madridlicencias.com\\\/blog\\\/protesta-en-villaverde-y-usera-contra-el-crematorio-de-san-fermin\\\/#breadcrumb\",\"itemListElement\":[{\"@type\":\"ListItem\",\"position\":1,\"name\":\"Portada\",\"item\":\"https:\\\/\\\/www.madridlicencias.com\\\/blog\\\/\"},{\"@type\":\"ListItem\",\"position\":2,\"name\":\"Protesta en Villaverde y Usera contra el crematorio de San Ferm\u00edn\"}]},{\"@type\":\"WebSite\",\"@id\":\"https:\\\/\\\/www.madridlicencias.com\\\/blog\\\/#website\",\"url\":\"https:\\\/\\\/www.madridlicencias.com\\\/blog\\\/\",\"name\":\"Licencias de Apertura y Actividad\",\"description\":\"Especializados en la tramitaci\u00f3n de licencias de actividad, licencias de apertura y declaraciones responsables. Resolvemos todas tus dudas sobre c\u00f3mo obtener tu licencia de funcionamiento y gestionar los tr\u00e1mites con el Ayuntamiento. Somos expertos en la gesti\u00f3n de aperturas de negocios. Este espacio est\u00e1 dise\u00f1ado para guiarte en el complejo mundo de las licencias de actividad y la burocracia urban\u00edstica. Aqu\u00ed encontrar\u00e1s an\u00e1lisis de normativa, gu\u00edas de procedimiento y ejemplos pr\u00e1cticos para tu negocio o local. Convierte tu proyecto en realidad con informaci\u00f3n t\u00e9cnica actualizada y fiable.\",\"publisher\":{\"@id\":\"https:\\\/\\\/www.madridlicencias.com\\\/blog\\\/#\\\/schema\\\/person\\\/33c4a38b2dfdf1309dd9a667d142c13c\"},\"potentialAction\":[{\"@type\":\"SearchAction\",\"target\":{\"@type\":\"EntryPoint\",\"urlTemplate\":\"https:\\\/\\\/www.madridlicencias.com\\\/blog\\\/?s={search_term_string}\"},\"query-input\":{\"@type\":\"PropertyValueSpecification\",\"valueRequired\":true,\"valueName\":\"search_term_string\"}}],\"inLanguage\":\"es\"},{\"@type\":[\"Person\",\"Organization\"],\"@id\":\"https:\\\/\\\/www.madridlicencias.com\\\/blog\\\/#\\\/schema\\\/person\\\/33c4a38b2dfdf1309dd9a667d142c13c\",\"name\":\"Gorka Villanueva\",\"image\":{\"@type\":\"ImageObject\",\"inLanguage\":\"es\",\"@id\":\"https:\\\/\\\/secure.gravatar.com\\\/avatar\\\/2b22df0b555528a455bd6d7a4d62706746a36d31559440cca3a43072b34ff7ad?s=96&d=mm&r=g\",\"url\":\"https:\\\/\\\/secure.gravatar.com\\\/avatar\\\/2b22df0b555528a455bd6d7a4d62706746a36d31559440cca3a43072b34ff7ad?s=96&d=mm&r=g\",\"contentUrl\":\"https:\\\/\\\/secure.gravatar.com\\\/avatar\\\/2b22df0b555528a455bd6d7a4d62706746a36d31559440cca3a43072b34ff7ad?s=96&d=mm&r=g\",\"caption\":\"Gorka Villanueva\"},\"logo\":{\"@id\":\"https:\\\/\\\/secure.gravatar.com\\\/avatar\\\/2b22df0b555528a455bd6d7a4d62706746a36d31559440cca3a43072b34ff7ad?s=96&d=mm&r=g\"},\"sameAs\":[\"http:\\\/\\\/www.madridlicencias.com\",\"https:\\\/\\\/www.facebook.com\\\/ArquitectosVillanueva\",\"https:\\\/\\\/www.linkedin.com\\\/in\\\/gorkavilla\\\/\"],\"url\":\"https:\\\/\\\/www.madridlicencias.com\\\/blog\\\/author\\\/madridli\\\/\"}]}<\/script>\n<!-- \/ Yoast SEO plugin. -->","yoast_head_json":{"title":"Protesta en Villaverde y Usera contra el crematorio de San Ferm\u00edn","description":"Vecinos de Villaverde y San Ferm\u00edn se han manifestado por las calles de ambos distritos para protestar contra la construcci\u00f3n de un crematorio.","robots":{"index":"index","follow":"follow","max-snippet":"max-snippet:-1","max-image-preview":"max-image-preview:large","max-video-preview":"max-video-preview:-1"},"canonical":"https:\/\/www.madridlicencias.com\/blog\/protesta-en-villaverde-y-usera-contra-el-crematorio-de-san-fermin\/","og_locale":"es_ES","og_type":"article","og_title":"Protesta en Villaverde y Usera contra el crematorio de San Ferm\u00edn","og_description":"Vecinos de Villaverde y San Ferm\u00edn se han manifestado por las calles de ambos distritos para protestar contra la construcci\u00f3n de un crematorio.","og_url":"https:\/\/www.madridlicencias.com\/blog\/protesta-en-villaverde-y-usera-contra-el-crematorio-de-san-fermin\/","og_site_name":"Licencias de Apertura y Actividad","article_publisher":"https:\/\/www.facebook.com\/ArquitectosVillanueva","article_author":"https:\/\/www.facebook.com\/ArquitectosVillanueva","article_published_time":"2015-10-06T20:23:20+00:00","article_modified_time":"2022-02-21T08:33:24+00:00","og_image":[{"width":600,"height":848,"url":"https:\/\/www.madridlicencias.com\/blog\/wp-content\/uploads\/Manifestaci\u00f3n-Crematorio.jpg","type":"image\/jpeg"}],"author":"Gorka Villanueva","twitter_card":"summary_large_image","twitter_creator":"@gorkavillanueva","twitter_site":"@gorkavillanueva","twitter_misc":{"Escrito por":"Gorka Villanueva","Tiempo de lectura":"3 minutos"},"schema":{"@context":"https:\/\/schema.org","@graph":[{"@type":"Article","@id":"https:\/\/www.madridlicencias.com\/blog\/protesta-en-villaverde-y-usera-contra-el-crematorio-de-san-fermin\/#article","isPartOf":{"@id":"https:\/\/www.madridlicencias.com\/blog\/protesta-en-villaverde-y-usera-contra-el-crematorio-de-san-fermin\/"},"author":{"name":"Gorka Villanueva","@id":"https:\/\/www.madridlicencias.com\/blog\/#\/schema\/person\/33c4a38b2dfdf1309dd9a667d142c13c"},"headline":"Protesta en Villaverde y Usera contra el crematorio de San Ferm\u00edn","datePublished":"2015-10-06T20:23:20+00:00","dateModified":"2022-02-21T08:33:24+00:00","mainEntityOfPage":{"@id":"https:\/\/www.madridlicencias.com\/blog\/protesta-en-villaverde-y-usera-contra-el-crematorio-de-san-fermin\/"},"wordCount":647,"commentCount":0,"publisher":{"@id":"https:\/\/www.madridlicencias.com\/blog\/#\/schema\/person\/33c4a38b2dfdf1309dd9a667d142c13c"},"image":{"@id":"https:\/\/www.madridlicencias.com\/blog\/protesta-en-villaverde-y-usera-contra-el-crematorio-de-san-fermin\/#primaryimage"},"thumbnailUrl":"https:\/\/www.madridlicencias.com\/blog\/wp-content\/uploads\/Manifestaci\u00f3n-Crematorio.jpg","keywords":["cementerio","crematorio","depuradora","incineradora","tanatorio","vertedero"],"articleSection":["Noticias"],"inLanguage":"es","potentialAction":[{"@type":"CommentAction","name":"Comment","target":["https:\/\/www.madridlicencias.com\/blog\/protesta-en-villaverde-y-usera-contra-el-crematorio-de-san-fermin\/#respond"]}]},{"@type":"WebPage","@id":"https:\/\/www.madridlicencias.com\/blog\/protesta-en-villaverde-y-usera-contra-el-crematorio-de-san-fermin\/","url":"https:\/\/www.madridlicencias.com\/blog\/protesta-en-villaverde-y-usera-contra-el-crematorio-de-san-fermin\/","name":"Protesta en Villaverde y Usera contra el crematorio de San Ferm\u00edn","isPartOf":{"@id":"https:\/\/www.madridlicencias.com\/blog\/#website"},"primaryImageOfPage":{"@id":"https:\/\/www.madridlicencias.com\/blog\/protesta-en-villaverde-y-usera-contra-el-crematorio-de-san-fermin\/#primaryimage"},"image":{"@id":"https:\/\/www.madridlicencias.com\/blog\/protesta-en-villaverde-y-usera-contra-el-crematorio-de-san-fermin\/#primaryimage"},"thumbnailUrl":"https:\/\/www.madridlicencias.com\/blog\/wp-content\/uploads\/Manifestaci\u00f3n-Crematorio.jpg","datePublished":"2015-10-06T20:23:20+00:00","dateModified":"2022-02-21T08:33:24+00:00","description":"Vecinos de Villaverde y San Ferm\u00edn se han manifestado por las calles de ambos distritos para protestar contra la construcci\u00f3n de un crematorio.","breadcrumb":{"@id":"https:\/\/www.madridlicencias.com\/blog\/protesta-en-villaverde-y-usera-contra-el-crematorio-de-san-fermin\/#breadcrumb"},"inLanguage":"es","potentialAction":[{"@type":"ReadAction","target":["https:\/\/www.madridlicencias.com\/blog\/protesta-en-villaverde-y-usera-contra-el-crematorio-de-san-fermin\/"]}]},{"@type":"ImageObject","inLanguage":"es","@id":"https:\/\/www.madridlicencias.com\/blog\/protesta-en-villaverde-y-usera-contra-el-crematorio-de-san-fermin\/#primaryimage","url":"https:\/\/www.madridlicencias.com\/blog\/wp-content\/uploads\/Manifestaci\u00f3n-Crematorio.jpg","contentUrl":"https:\/\/www.madridlicencias.com\/blog\/wp-content\/uploads\/Manifestaci\u00f3n-Crematorio.jpg","width":600,"height":848},{"@type":"BreadcrumbList","@id":"https:\/\/www.madridlicencias.com\/blog\/protesta-en-villaverde-y-usera-contra-el-crematorio-de-san-fermin\/#breadcrumb","itemListElement":[{"@type":"ListItem","position":1,"name":"Portada","item":"https:\/\/www.madridlicencias.com\/blog\/"},{"@type":"ListItem","position":2,"name":"Protesta en Villaverde y Usera contra el crematorio de San Ferm\u00edn"}]},{"@type":"WebSite","@id":"https:\/\/www.madridlicencias.com\/blog\/#website","url":"https:\/\/www.madridlicencias.com\/blog\/","name":"Licencias de Apertura y Actividad","description":"Especializados en la tramitaci\u00f3n de licencias de actividad, licencias de apertura y declaraciones responsables. Resolvemos todas tus dudas sobre c\u00f3mo obtener tu licencia de funcionamiento y gestionar los tr\u00e1mites con el Ayuntamiento. Somos expertos en la gesti\u00f3n de aperturas de negocios. Este espacio est\u00e1 dise\u00f1ado para guiarte en el complejo mundo de las licencias de actividad y la burocracia urban\u00edstica. Aqu\u00ed encontrar\u00e1s an\u00e1lisis de normativa, gu\u00edas de procedimiento y ejemplos pr\u00e1cticos para tu negocio o local. Convierte tu proyecto en realidad con informaci\u00f3n t\u00e9cnica actualizada y fiable.","publisher":{"@id":"https:\/\/www.madridlicencias.com\/blog\/#\/schema\/person\/33c4a38b2dfdf1309dd9a667d142c13c"},"potentialAction":[{"@type":"SearchAction","target":{"@type":"EntryPoint","urlTemplate":"https:\/\/www.madridlicencias.com\/blog\/?s={search_term_string}"},"query-input":{"@type":"PropertyValueSpecification","valueRequired":true,"valueName":"search_term_string"}}],"inLanguage":"es"},{"@type":["Person","Organization"],"@id":"https:\/\/www.madridlicencias.com\/blog\/#\/schema\/person\/33c4a38b2dfdf1309dd9a667d142c13c","name":"Gorka Villanueva","image":{"@type":"ImageObject","inLanguage":"es","@id":"https:\/\/secure.gravatar.com\/avatar\/2b22df0b555528a455bd6d7a4d62706746a36d31559440cca3a43072b34ff7ad?s=96&d=mm&r=g","url":"https:\/\/secure.gravatar.com\/avatar\/2b22df0b555528a455bd6d7a4d62706746a36d31559440cca3a43072b34ff7ad?s=96&d=mm&r=g","contentUrl":"https:\/\/secure.gravatar.com\/avatar\/2b22df0b555528a455bd6d7a4d62706746a36d31559440cca3a43072b34ff7ad?s=96&d=mm&r=g","caption":"Gorka Villanueva"},"logo":{"@id":"https:\/\/secure.gravatar.com\/avatar\/2b22df0b555528a455bd6d7a4d62706746a36d31559440cca3a43072b34ff7ad?s=96&d=mm&r=g"},"sameAs":["http:\/\/www.madridlicencias.com","https:\/\/www.facebook.com\/ArquitectosVillanueva","https:\/\/www.linkedin.com\/in\/gorkavilla\/"],"url":"https:\/\/www.madridlicencias.com\/blog\/author\/madridli\/"}]}},"_links":{"self":[{"href":"https:\/\/www.madridlicencias.com\/blog\/wp-json\/wp\/v2\/posts\/219","targetHints":{"allow":["GET"]}}],"collection":[{"href":"https:\/\/www.madridlicencias.com\/blog\/wp-json\/wp\/v2\/posts"}],"about":[{"href":"https:\/\/www.madridlicencias.com\/blog\/wp-json\/wp\/v2\/types\/post"}],"author":[{"embeddable":true,"href":"https:\/\/www.madridlicencias.com\/blog\/wp-json\/wp\/v2\/users\/1"}],"replies":[{"embeddable":true,"href":"https:\/\/www.madridlicencias.com\/blog\/wp-json\/wp\/v2\/comments?post=219"}],"version-history":[{"count":6,"href":"https:\/\/www.madridlicencias.com\/blog\/wp-json\/wp\/v2\/posts\/219\/revisions"}],"predecessor-version":[{"id":3759,"href":"https:\/\/www.madridlicencias.com\/blog\/wp-json\/wp\/v2\/posts\/219\/revisions\/3759"}],"wp:featuredmedia":[{"embeddable":true,"href":"https:\/\/www.madridlicencias.com\/blog\/wp-json\/wp\/v2\/media\/221"}],"wp:attachment":[{"href":"https:\/\/www.madridlicencias.com\/blog\/wp-json\/wp\/v2\/media?parent=219"}],"wp:term":[{"taxonomy":"category","embeddable":true,"href":"https:\/\/www.madridlicencias.com\/blog\/wp-json\/wp\/v2\/categories?post=219"},{"taxonomy":"post_tag","embeddable":true,"href":"https:\/\/www.madridlicencias.com\/blog\/wp-json\/wp\/v2\/tags?post=219"}],"curies":[{"name":"wp","href":"https:\/\/api.w.org\/{rel}","templated":true}]}}