{"id":2624,"date":"2022-08-02T13:00:51","date_gmt":"2022-08-02T11:00:51","guid":{"rendered":"https:\/\/www.madridlicencias.com\/blog\/?p=2624"},"modified":"2018-10-04T00:34:54","modified_gmt":"2018-10-03T22:34:54","slug":"licencia-de-actividad-y-apertura-de-guarderia","status":"publish","type":"post","link":"https:\/\/www.madridlicencias.com\/blog\/licencia-de-actividad-y-apertura-de-guarderia\/","title":{"rendered":"Licencia de Actividad y Apertura de Guarder\u00eda"},"content":{"rendered":"<p>Hoy vamos a comentar la apertura de una <strong>Guarder\u00eda<\/strong> o <strong>Centro de Cuidado Infantil,<\/strong>\u00a0<em>Escuela Infantil Los Bollitos<\/em>, situada en la Avda. Dr. Federico Rubio y Gali, 12 en Cuatro Caminos, muy cerca de los barrios de Moncloa, Chamber\u00ed y Tet\u00faan.<\/p>\n<p><a href=\"https:\/\/www.madridlicencias.com\/blog\/wp-content\/uploads\/Licencia-Actividad-de-Guarder\u00eda.jpg\"><img loading=\"lazy\" decoding=\"async\" class=\"aligncenter size-large wp-image-2643\" src=\"https:\/\/www.madridlicencias.com\/blog\/wp-content\/uploads\/Licencia-Actividad-de-Guarder\u00eda-1024x622.jpg\" alt=\"\" width=\"1024\" height=\"622\" srcset=\"https:\/\/www.madridlicencias.com\/blog\/wp-content\/uploads\/Licencia-Actividad-de-Guarder\u00eda-1024x622.jpg 1024w, https:\/\/www.madridlicencias.com\/blog\/wp-content\/uploads\/Licencia-Actividad-de-Guarder\u00eda-300x182.jpg 300w, https:\/\/www.madridlicencias.com\/blog\/wp-content\/uploads\/Licencia-Actividad-de-Guarder\u00eda-768x467.jpg 768w, https:\/\/www.madridlicencias.com\/blog\/wp-content\/uploads\/Licencia-Actividad-de-Guarder\u00eda-640x389.jpg 640w, https:\/\/www.madridlicencias.com\/blog\/wp-content\/uploads\/Licencia-Actividad-de-Guarder\u00eda.jpg 1599w\" sizes=\"auto, (max-width: 1024px) 100vw, 1024px\" \/><\/a><\/p>\n<p>Dicha <strong>guarder\u00eda<\/strong> cuenta con un espacio de unos 300 m2 con unas instalaciones completamente nuevas y un aforo de 75 plazas. Un lugar donde los ni\u00f1os y ni\u00f1as est\u00e1n perfectamente cuidados.<br \/>\nEn esta guarder\u00eda infantil dan mucha importancia a la Educaci\u00f3n en casa y en familia, la cual es imprescindible en la vida de los peque\u00f1os, por eso tienen charlas mensuales en este tema.<\/p>\n<p>Otro de los temas que en la escuela infantil <em>Los Bollitos<\/em> consideran imprescindibles son los h\u00e1bitos , los peque\u00f1os necesitan seguir una rutina para sentirse seguros y tranquilos en su ambiente. Esta rutina establece horarios, pero adem\u00e1s, los h\u00e1bitos repetitivos ayudan a construir un equilibrio emocional, que les proporciona un mecanismo important\u00edsimo para su educaci\u00f3n y para la construcci\u00f3n de su personalidad.<\/p>\n<p><a href=\"https:\/\/www.madridlicencias.com\/blog\/wp-content\/uploads\/Licencia-de-Actividad-de-Centro-de-Cuidado-Infantil.jpg\"><img loading=\"lazy\" decoding=\"async\" class=\"aligncenter size-large wp-image-2644\" src=\"https:\/\/www.madridlicencias.com\/blog\/wp-content\/uploads\/Licencia-de-Actividad-de-Centro-de-Cuidado-Infantil-1024x768.jpg\" alt=\"\" width=\"1024\" height=\"768\" srcset=\"https:\/\/www.madridlicencias.com\/blog\/wp-content\/uploads\/Licencia-de-Actividad-de-Centro-de-Cuidado-Infantil.jpg 1024w, https:\/\/www.madridlicencias.com\/blog\/wp-content\/uploads\/Licencia-de-Actividad-de-Centro-de-Cuidado-Infantil-300x225.jpg 300w, https:\/\/www.madridlicencias.com\/blog\/wp-content\/uploads\/Licencia-de-Actividad-de-Centro-de-Cuidado-Infantil-768x576.jpg 768w, https:\/\/www.madridlicencias.com\/blog\/wp-content\/uploads\/Licencia-de-Actividad-de-Centro-de-Cuidado-Infantil-640x480.jpg 640w\" sizes=\"auto, (max-width: 1024px) 100vw, 1024px\" \/><\/a><\/p>\n<p>Las instalaciones superan ampliamente los m\u00e1s altos est\u00e1ndares de <strong>seguridad exigida por la normativa vigente<\/strong>:<\/p>\n<!--more-->\n<ul>\n<li>Puertas de seguridad.<\/li>\n<li>Enchufes en altura.<\/li>\n<li>Comedor de catering con men\u00fas ecol\u00f3gicos, m\u00e1xima calidad e higiene garantizada.<\/li>\n<li>Mobiliario sin cantos.<\/li>\n<li>Esquinas y columnas con protectores.<\/li>\n<li>Suelos de caucho y tarima<\/li>\n<li>Suelos y paredes revestidos con material ign\u00edfugo.<\/li>\n<li>Centralita y alarmas de incendio<\/li>\n<\/ul>\n<p>Adem\u00e1s todas las instalaciones cuentan con:<\/p>\n<ul>\n<li>Aire Acondicionado.<\/li>\n<li>C\u00e1maras web en directo.<\/li>\n<li>Ba\u00f1os visibles y accesibles desde las aulas<\/li>\n<li>Aulas visibles entre s\u00ed.<\/li>\n<li>Iluminaci\u00f3n y ventilaci\u00f3n natural.<\/li>\n<\/ul>\n<p><a href=\"https:\/\/www.madridlicencias.com\/blog\/wp-content\/uploads\/Licencia-de-Actividad-y-Apertura-de-Guarder\u00eda.jpg\"><img loading=\"lazy\" decoding=\"async\" class=\"aligncenter size-large wp-image-2645\" src=\"https:\/\/www.madridlicencias.com\/blog\/wp-content\/uploads\/Licencia-de-Actividad-y-Apertura-de-Guarder\u00eda-1024x768.jpg\" alt=\"\" width=\"1024\" height=\"768\" srcset=\"https:\/\/www.madridlicencias.com\/blog\/wp-content\/uploads\/Licencia-de-Actividad-y-Apertura-de-Guarder\u00eda-1024x768.jpg 1024w, https:\/\/www.madridlicencias.com\/blog\/wp-content\/uploads\/Licencia-de-Actividad-y-Apertura-de-Guarder\u00eda-300x225.jpg 300w, https:\/\/www.madridlicencias.com\/blog\/wp-content\/uploads\/Licencia-de-Actividad-y-Apertura-de-Guarder\u00eda-768x576.jpg 768w, https:\/\/www.madridlicencias.com\/blog\/wp-content\/uploads\/Licencia-de-Actividad-y-Apertura-de-Guarder\u00eda-640x480.jpg 640w\" sizes=\"auto, (max-width: 1024px) 100vw, 1024px\" \/><\/a><\/p>\n<p>REQUISITOS M\u00cdNIMOS DE LOS CENTROS QUE IMPARTEN PRIMER CICLO DE EDUCACI\u00d3N INFANTIL EN EL \u00c1MBITO DE LA COMUNIDAD DE MADRID<\/p>\n<p><em><strong>Requisitos de instalaciones y n\u00famero de puestos escolares.<\/strong><\/em><\/p>\n<p><strong><em>Condiciones generales de los centros<\/em><\/strong><br \/>\nLos centros deber\u00e1n reunir las condiciones higi\u00e9nicas, sanitarias, ac\u00fasticas, de<br \/>\nhabitabilidad, de seguridad y de accesibilidad que sean exigidas por la legislaci\u00f3n vigente para la obtenci\u00f3n de las correspondientes licencias municipales. La responsabilidad del<br \/>\ncumplimiento de dichos requisitos ser\u00e1 del titular del centro.<\/p>\n<p><a href=\"https:\/\/www.madridlicencias.com\/blog\/wp-content\/uploads\/Licencia-de-Apertura-de-Guarder\u00eda.jpg\"><img loading=\"lazy\" decoding=\"async\" class=\"aligncenter size-large wp-image-2646\" src=\"https:\/\/www.madridlicencias.com\/blog\/wp-content\/uploads\/Licencia-de-Apertura-de-Guarder\u00eda-916x1024.jpg\" alt=\"\" width=\"916\" height=\"1024\" srcset=\"https:\/\/www.madridlicencias.com\/blog\/wp-content\/uploads\/Licencia-de-Apertura-de-Guarder\u00eda.jpg 916w, https:\/\/www.madridlicencias.com\/blog\/wp-content\/uploads\/Licencia-de-Apertura-de-Guarder\u00eda-268x300.jpg 268w, https:\/\/www.madridlicencias.com\/blog\/wp-content\/uploads\/Licencia-de-Apertura-de-Guarder\u00eda-768x859.jpg 768w, https:\/\/www.madridlicencias.com\/blog\/wp-content\/uploads\/Licencia-de-Apertura-de-Guarder\u00eda-640x715.jpg 640w\" sizes=\"auto, (max-width: 916px) 100vw, 916px\" \/><\/a><\/p>\n<p><strong><em>Requisitos espec\u00edficos<\/em><\/strong><br \/>\nSin perjuicio del cumplimiento de las condiciones a que se hace referencia en el p\u00e1rrafo<br \/>\nanterior, los centros de primer ciclo de Educaci\u00f3n Infantil deber\u00e1n reunir los siguientes<br \/>\nrequisitos referidos a instalaciones:<\/p>\n<ol>\n<li>Ubicaci\u00f3n en locales con acceso independiente y de uso exclusivamente educativo en el horario escolar. Un aula por cada unidad, que tendr\u00e1 como m\u00ednimo 30 metros cuadrados. Las aulas destinadas a unidades que atienden a ni\u00f1os menores de dos a\u00f1os dispondr\u00e1n de equipamiento necesario para el descanso y un cambiador para la higiene del ni\u00f1o.<\/li>\n<li>En el caso de los centros que tengan menos de 3 unidades podr\u00e1 autorizarse el<br \/>\nfuncionamiento de unidades con superficie inferior a 30 metros cuadrados siempre que dicha superficie sea al menos de 2 metros cuadrados por cada ni\u00f1o y que tenga, como m\u00ednimo, 18 metros cuadrados.<\/li>\n<li>Un espacio para la preparaci\u00f3n de alimentos cuando haya ni\u00f1os menores de un a\u00f1o, con capacidad para los equipamientos que determine la normativa vigente.<\/li>\n<li>En el caso de que el centro disponga de 3 o m\u00e1s unidades, un espacio de usos<br \/>\nm\u00faltiples de, al menos, 30 metros cuadrados que, en su caso, tambi\u00e9n podr\u00e1 ser usado como comedor.<\/li>\n<li>Un patio de juegos que tendr\u00e1 las siguientes caracter\u00edsticas:\n<ul>\n<li>Centros de 9 o m\u00e1s unidades:\n<ul>\n<li>Un patio de juegos que ser\u00e1 de uso exclusivo y con una superficie que,<br \/>\nen ning\u00fan caso podr\u00e1 ser inferior a 70 metros cuadrados, debiendo incrementarse dicha superficie de forma proporcional al n\u00famero de unidades que exceda de 9. Si en el recinto escolar, adem\u00e1s del primer ciclo de Educaci\u00f3n Infantil, se impartieran otras ense\u00f1anzas distintas a las de Educaci\u00f3n Infantil, deber\u00e1 garantizarse el uso de dicho patio en horario independiente del resto de niveles educativos.<\/li>\n<li>Cuando concurran circunstancias singulares suficientemente acreditadas a juicio de la Administraci\u00f3n Educativa, la Consejer\u00eda de Educaci\u00f3n podr\u00e1 considerar cumplido el requisito anterior y autorizarse como zona de juegos un espacio al aire libre debidamente vigilado y acondicionado, aunque no sea de uso exclusivo, o incluso una superficie p\u00fablica de esparcimiento, siempre y cuando est\u00e9n situados en las proximidades del centro y que en el desplazamiento de los ni\u00f1os hasta ellos no sea necesario atravesar ninguna v\u00eda con tr\u00e1fico rodado, incluidas salidas de garajes, a fin de garantizar su seguridad.<\/li>\n<\/ul>\n<\/li>\n<li>Centros de menos de 9 unidades.<br \/>\nEn aquellos centros con menos de 9 unidades podr\u00e1 autorizarse como patio de juegos un\u00a0espacio que cumpla los requisitos establecidos en los dos primeros puntos del presente apartado 5,\u00a0siempre que disponga de una superficie de, al menos, 30 metros cuadrados para centros de menos de 3 unidades, o de, al menos, 60 metros, en el caso de los centros de 3 a 8 unidades.<\/li>\n<\/ul>\n<\/li>\n<li>Un aseo por aula, destinada a ni\u00f1os de dos a tres a\u00f1os, que deber\u00e1 ser visible y<br \/>\naccesible desde la misma. El aseo contar\u00e1 con, al menos, dos lavabos y dos inodoros de tama\u00f1o adecuado a la estatura de los ni\u00f1os.<\/li>\n<li>Un aseo para el personal del centro, separado de las unidades y de los servicios de los ni\u00f1os, que contar\u00e1 con un lavabo, un inodoro y una ducha.<\/li>\n<li>Un despacho de direcci\u00f3n y secretar\u00eda, que podr\u00e1 ser utilizado como sala de<br \/>\nprofesores.<\/li>\n<\/ol>\n\n\n<div class=\"kk-star-ratings kksr-auto kksr-align-left kksr-valign-bottom\"\n    data-payload='{&quot;align&quot;:&quot;left&quot;,&quot;id&quot;:&quot;2624&quot;,&quot;slug&quot;:&quot;default&quot;,&quot;valign&quot;:&quot;bottom&quot;,&quot;ignore&quot;:&quot;&quot;,&quot;reference&quot;:&quot;auto&quot;,&quot;class&quot;:&quot;&quot;,&quot;count&quot;:&quot;17&quot;,&quot;legendonly&quot;:&quot;&quot;,&quot;readonly&quot;:&quot;&quot;,&quot;score&quot;:&quot;5&quot;,&quot;starsonly&quot;:&quot;&quot;,&quot;best&quot;:&quot;5&quot;,&quot;gap&quot;:&quot;4&quot;,&quot;greet&quot;:&quot;&quot;,&quot;legend&quot;:&quot;5\\\/5 - (17 votos)&quot;,&quot;size&quot;:&quot;24&quot;,&quot;title&quot;:&quot;Licencia de Actividad y Apertura de Guarder\u00eda&quot;,&quot;width&quot;:&quot;138&quot;,&quot;_legend&quot;:&quot;{score}\\\/{best} - ({count} {votes})&quot;,&quot;font_factor&quot;:&quot;1.25&quot;}'>\n            \n<div class=\"kksr-stars\">\n    \n<div class=\"kksr-stars-inactive\">\n            <div class=\"kksr-star\" data-star=\"1\" style=\"padding-right: 4px\">\n            \n\n<div class=\"kksr-icon\" style=\"width: 24px; height: 24px;\"><\/div>\n        <\/div>\n            <div class=\"kksr-star\" data-star=\"2\" style=\"padding-right: 4px\">\n            \n\n<div class=\"kksr-icon\" style=\"width: 24px; height: 24px;\"><\/div>\n        <\/div>\n            <div class=\"kksr-star\" data-star=\"3\" style=\"padding-right: 4px\">\n            \n\n<div class=\"kksr-icon\" style=\"width: 24px; height: 24px;\"><\/div>\n        <\/div>\n            <div class=\"kksr-star\" data-star=\"4\" style=\"padding-right: 4px\">\n            \n\n<div class=\"kksr-icon\" style=\"width: 24px; height: 24px;\"><\/div>\n        <\/div>\n            <div class=\"kksr-star\" data-star=\"5\" style=\"padding-right: 4px\">\n            \n\n<div class=\"kksr-icon\" style=\"width: 24px; height: 24px;\"><\/div>\n        <\/div>\n    <\/div>\n    \n<div class=\"kksr-stars-active\" style=\"width: 138px;\">\n            <div class=\"kksr-star\" style=\"padding-right: 4px\">\n            \n\n<div class=\"kksr-icon\" style=\"width: 24px; height: 24px;\"><\/div>\n        <\/div>\n            <div class=\"kksr-star\" style=\"padding-right: 4px\">\n            \n\n<div class=\"kksr-icon\" style=\"width: 24px; height: 24px;\"><\/div>\n        <\/div>\n            <div class=\"kksr-star\" style=\"padding-right: 4px\">\n            \n\n<div class=\"kksr-icon\" style=\"width: 24px; height: 24px;\"><\/div>\n        <\/div>\n            <div class=\"kksr-star\" style=\"padding-right: 4px\">\n            \n\n<div class=\"kksr-icon\" style=\"width: 24px; height: 24px;\"><\/div>\n        <\/div>\n            <div class=\"kksr-star\" style=\"padding-right: 4px\">\n            \n\n<div class=\"kksr-icon\" style=\"width: 24px; height: 24px;\"><\/div>\n        <\/div>\n    <\/div>\n<\/div>\n                \n\n<div class=\"kksr-legend\" style=\"font-size: 19.2px;\">\n            5\/5 - (17 votos)    <\/div>\n    <\/div>\n<p id=\"bte_opp\"><small><\/small><\/p>","protected":false},"excerpt":{"rendered":"<p>Hoy vamos a comentar la apertura de una Guarder\u00eda o Centro de Cuidado Infantil,\u00a0Escuela Infantil Los Bollitos, situada en la [&hellip;]<\/p>\n","protected":false},"author":1141,"featured_media":2643,"comment_status":"open","ping_status":"open","sticky":false,"template":"","format":"standard","meta":{"rop_custom_images_group":[],"rop_custom_messages_group":[],"rop_publish_now":"initial","rop_publish_now_accounts":{"twitter_17708481_17708481":""},"rop_publish_now_history":[],"rop_publish_now_status":"pending","footnotes":""},"categories":[89,34],"tags":[773,772,700,774],"class_list":["post-2624","post","type-post","status-publish","format-standard","has-post-thumbnail","hentry","category-apertura","category-normativa","tag-centro-de-cuidado-infantil","tag-licencia-de-apertura-de-guarderia","tag-licencia-escuela-infantil","tag-requisitoa-minimos-centro-educacion-infantil"],"yoast_head":"<!-- This site is optimized with the Yoast SEO plugin v27.4 - https:\/\/yoast.com\/product\/yoast-seo-wordpress\/ -->\n<title>Licencia de Actividad y Apertura de Guarder\u00eda - Licencias de Apertura y Actividad<\/title>\n<meta name=\"robots\" content=\"index, follow, max-snippet:-1, max-image-preview:large, max-video-preview:-1\" \/>\n<link rel=\"canonical\" href=\"https:\/\/www.madridlicencias.com\/blog\/licencia-de-actividad-y-apertura-de-guarderia\/\" \/>\n<meta property=\"og:locale\" content=\"es_ES\" \/>\n<meta property=\"og:type\" content=\"article\" \/>\n<meta property=\"og:title\" content=\"Licencia de Actividad y Apertura de Guarder\u00eda - Licencias de Apertura y Actividad\" \/>\n<meta property=\"og:description\" content=\"Hoy vamos a comentar la apertura de una Guarder\u00eda o Centro de Cuidado Infantil,\u00a0Escuela Infantil Los Bollitos, situada en la [&hellip;]\" \/>\n<meta property=\"og:url\" content=\"https:\/\/www.madridlicencias.com\/blog\/licencia-de-actividad-y-apertura-de-guarderia\/\" \/>\n<meta property=\"og:site_name\" content=\"Licencias de Apertura y Actividad\" \/>\n<meta property=\"article:publisher\" content=\"https:\/\/www.facebook.com\/ArquitectosVillanueva\" \/>\n<meta property=\"article:published_time\" content=\"2022-08-02T11:00:51+00:00\" \/>\n<meta property=\"og:image\" content=\"https:\/\/www.madridlicencias.com\/blog\/wp-content\/uploads\/Licencia-Actividad-de-Guarder\u00eda.jpg\" \/>\n\t<meta property=\"og:image:width\" content=\"1599\" \/>\n\t<meta property=\"og:image:height\" content=\"972\" \/>\n\t<meta property=\"og:image:type\" content=\"image\/jpeg\" \/>\n<meta name=\"author\" content=\"Cristina\" \/>\n<meta name=\"twitter:card\" content=\"summary_large_image\" \/>\n<meta name=\"twitter:creator\" content=\"@gorkavillanueva\" \/>\n<meta name=\"twitter:site\" content=\"@gorkavillanueva\" \/>\n<meta name=\"twitter:label1\" content=\"Escrito por\" \/>\n\t<meta name=\"twitter:data1\" content=\"Cristina\" \/>\n\t<meta name=\"twitter:label2\" content=\"Tiempo de lectura\" \/>\n\t<meta name=\"twitter:data2\" content=\"5 minutos\" \/>\n<script type=\"application\/ld+json\" class=\"yoast-schema-graph\">{\"@context\":\"https:\\\/\\\/schema.org\",\"@graph\":[{\"@type\":\"Article\",\"@id\":\"https:\\\/\\\/www.madridlicencias.com\\\/blog\\\/licencia-de-actividad-y-apertura-de-guarderia\\\/#article\",\"isPartOf\":{\"@id\":\"https:\\\/\\\/www.madridlicencias.com\\\/blog\\\/licencia-de-actividad-y-apertura-de-guarderia\\\/\"},\"author\":{\"name\":\"Cristina\",\"@id\":\"https:\\\/\\\/www.madridlicencias.com\\\/blog\\\/#\\\/schema\\\/person\\\/e61eaf5d743335f3dbf29e2557725502\"},\"headline\":\"Licencia de Actividad y Apertura de Guarder\u00eda\",\"datePublished\":\"2022-08-02T11:00:51+00:00\",\"mainEntityOfPage\":{\"@id\":\"https:\\\/\\\/www.madridlicencias.com\\\/blog\\\/licencia-de-actividad-y-apertura-de-guarderia\\\/\"},\"wordCount\":918,\"commentCount\":0,\"publisher\":{\"@id\":\"https:\\\/\\\/www.madridlicencias.com\\\/blog\\\/#\\\/schema\\\/person\\\/33c4a38b2dfdf1309dd9a667d142c13c\"},\"image\":{\"@id\":\"https:\\\/\\\/www.madridlicencias.com\\\/blog\\\/licencia-de-actividad-y-apertura-de-guarderia\\\/#primaryimage\"},\"thumbnailUrl\":\"https:\\\/\\\/www.madridlicencias.com\\\/blog\\\/wp-content\\\/uploads\\\/Licencia-Actividad-de-Guarder\u00eda.jpg\",\"keywords\":[\"centro de cuidado infantil\",\"licencia de apertura de guarder\u00eda\",\"licencia escuela infantil\",\"requisitoa m\u00ednimos centro educaci\u00f3n infantil\"],\"articleSection\":[\"Apertura\",\"Normativa\"],\"inLanguage\":\"es\",\"potentialAction\":[{\"@type\":\"CommentAction\",\"name\":\"Comment\",\"target\":[\"https:\\\/\\\/www.madridlicencias.com\\\/blog\\\/licencia-de-actividad-y-apertura-de-guarderia\\\/#respond\"]}]},{\"@type\":\"WebPage\",\"@id\":\"https:\\\/\\\/www.madridlicencias.com\\\/blog\\\/licencia-de-actividad-y-apertura-de-guarderia\\\/\",\"url\":\"https:\\\/\\\/www.madridlicencias.com\\\/blog\\\/licencia-de-actividad-y-apertura-de-guarderia\\\/\",\"name\":\"Licencia de Actividad y Apertura de Guarder\u00eda - Licencias de Apertura y Actividad\",\"isPartOf\":{\"@id\":\"https:\\\/\\\/www.madridlicencias.com\\\/blog\\\/#website\"},\"primaryImageOfPage\":{\"@id\":\"https:\\\/\\\/www.madridlicencias.com\\\/blog\\\/licencia-de-actividad-y-apertura-de-guarderia\\\/#primaryimage\"},\"image\":{\"@id\":\"https:\\\/\\\/www.madridlicencias.com\\\/blog\\\/licencia-de-actividad-y-apertura-de-guarderia\\\/#primaryimage\"},\"thumbnailUrl\":\"https:\\\/\\\/www.madridlicencias.com\\\/blog\\\/wp-content\\\/uploads\\\/Licencia-Actividad-de-Guarder\u00eda.jpg\",\"datePublished\":\"2022-08-02T11:00:51+00:00\",\"breadcrumb\":{\"@id\":\"https:\\\/\\\/www.madridlicencias.com\\\/blog\\\/licencia-de-actividad-y-apertura-de-guarderia\\\/#breadcrumb\"},\"inLanguage\":\"es\",\"potentialAction\":[{\"@type\":\"ReadAction\",\"target\":[\"https:\\\/\\\/www.madridlicencias.com\\\/blog\\\/licencia-de-actividad-y-apertura-de-guarderia\\\/\"]}]},{\"@type\":\"ImageObject\",\"inLanguage\":\"es\",\"@id\":\"https:\\\/\\\/www.madridlicencias.com\\\/blog\\\/licencia-de-actividad-y-apertura-de-guarderia\\\/#primaryimage\",\"url\":\"https:\\\/\\\/www.madridlicencias.com\\\/blog\\\/wp-content\\\/uploads\\\/Licencia-Actividad-de-Guarder\u00eda.jpg\",\"contentUrl\":\"https:\\\/\\\/www.madridlicencias.com\\\/blog\\\/wp-content\\\/uploads\\\/Licencia-Actividad-de-Guarder\u00eda.jpg\",\"width\":1599,\"height\":972},{\"@type\":\"BreadcrumbList\",\"@id\":\"https:\\\/\\\/www.madridlicencias.com\\\/blog\\\/licencia-de-actividad-y-apertura-de-guarderia\\\/#breadcrumb\",\"itemListElement\":[{\"@type\":\"ListItem\",\"position\":1,\"name\":\"Portada\",\"item\":\"https:\\\/\\\/www.madridlicencias.com\\\/blog\\\/\"},{\"@type\":\"ListItem\",\"position\":2,\"name\":\"Licencia de Actividad y Apertura de Guarder\u00eda\"}]},{\"@type\":\"WebSite\",\"@id\":\"https:\\\/\\\/www.madridlicencias.com\\\/blog\\\/#website\",\"url\":\"https:\\\/\\\/www.madridlicencias.com\\\/blog\\\/\",\"name\":\"Licencias de Apertura y Actividad\",\"description\":\"Especializados en la tramitaci\u00f3n de licencias de actividad, licencias de apertura y declaraciones responsables. Resolvemos todas tus dudas sobre c\u00f3mo obtener tu licencia de funcionamiento y gestionar los tr\u00e1mites con el Ayuntamiento. Somos expertos en la gesti\u00f3n de aperturas de negocios. Este espacio est\u00e1 dise\u00f1ado para guiarte en el complejo mundo de las licencias de actividad y la burocracia urban\u00edstica. Aqu\u00ed encontrar\u00e1s an\u00e1lisis de normativa, gu\u00edas de procedimiento y ejemplos pr\u00e1cticos para tu negocio o local. Convierte tu proyecto en realidad con informaci\u00f3n t\u00e9cnica actualizada y fiable.\",\"publisher\":{\"@id\":\"https:\\\/\\\/www.madridlicencias.com\\\/blog\\\/#\\\/schema\\\/person\\\/33c4a38b2dfdf1309dd9a667d142c13c\"},\"potentialAction\":[{\"@type\":\"SearchAction\",\"target\":{\"@type\":\"EntryPoint\",\"urlTemplate\":\"https:\\\/\\\/www.madridlicencias.com\\\/blog\\\/?s={search_term_string}\"},\"query-input\":{\"@type\":\"PropertyValueSpecification\",\"valueRequired\":true,\"valueName\":\"search_term_string\"}}],\"inLanguage\":\"es\"},{\"@type\":[\"Person\",\"Organization\"],\"@id\":\"https:\\\/\\\/www.madridlicencias.com\\\/blog\\\/#\\\/schema\\\/person\\\/33c4a38b2dfdf1309dd9a667d142c13c\",\"name\":\"Gorka Villanueva\",\"image\":{\"@type\":\"ImageObject\",\"inLanguage\":\"es\",\"@id\":\"https:\\\/\\\/secure.gravatar.com\\\/avatar\\\/2b22df0b555528a455bd6d7a4d62706746a36d31559440cca3a43072b34ff7ad?s=96&d=mm&r=g\",\"url\":\"https:\\\/\\\/secure.gravatar.com\\\/avatar\\\/2b22df0b555528a455bd6d7a4d62706746a36d31559440cca3a43072b34ff7ad?s=96&d=mm&r=g\",\"contentUrl\":\"https:\\\/\\\/secure.gravatar.com\\\/avatar\\\/2b22df0b555528a455bd6d7a4d62706746a36d31559440cca3a43072b34ff7ad?s=96&d=mm&r=g\",\"caption\":\"Gorka Villanueva\"},\"logo\":{\"@id\":\"https:\\\/\\\/secure.gravatar.com\\\/avatar\\\/2b22df0b555528a455bd6d7a4d62706746a36d31559440cca3a43072b34ff7ad?s=96&d=mm&r=g\"},\"sameAs\":[\"http:\\\/\\\/www.madridlicencias.com\",\"https:\\\/\\\/www.facebook.com\\\/ArquitectosVillanueva\",\"https:\\\/\\\/www.linkedin.com\\\/in\\\/gorkavilla\\\/\"]},{\"@type\":\"Person\",\"@id\":\"https:\\\/\\\/www.madridlicencias.com\\\/blog\\\/#\\\/schema\\\/person\\\/e61eaf5d743335f3dbf29e2557725502\",\"name\":\"Cristina\",\"image\":{\"@type\":\"ImageObject\",\"inLanguage\":\"es\",\"@id\":\"https:\\\/\\\/secure.gravatar.com\\\/avatar\\\/85f240b930747f70492964b11df06e07040af0a2caa1282d8683db3db6f50471?s=96&d=mm&r=g\",\"url\":\"https:\\\/\\\/secure.gravatar.com\\\/avatar\\\/85f240b930747f70492964b11df06e07040af0a2caa1282d8683db3db6f50471?s=96&d=mm&r=g\",\"contentUrl\":\"https:\\\/\\\/secure.gravatar.com\\\/avatar\\\/85f240b930747f70492964b11df06e07040af0a2caa1282d8683db3db6f50471?s=96&d=mm&r=g\",\"caption\":\"Cristina\"},\"url\":\"https:\\\/\\\/www.madridlicencias.com\\\/blog\\\/author\\\/cristina\\\/\"}]}<\/script>\n<!-- \/ Yoast SEO plugin. -->","yoast_head_json":{"title":"Licencia de Actividad y Apertura de Guarder\u00eda - Licencias de Apertura y Actividad","robots":{"index":"index","follow":"follow","max-snippet":"max-snippet:-1","max-image-preview":"max-image-preview:large","max-video-preview":"max-video-preview:-1"},"canonical":"https:\/\/www.madridlicencias.com\/blog\/licencia-de-actividad-y-apertura-de-guarderia\/","og_locale":"es_ES","og_type":"article","og_title":"Licencia de Actividad y Apertura de Guarder\u00eda - Licencias de Apertura y Actividad","og_description":"Hoy vamos a comentar la apertura de una Guarder\u00eda o Centro de Cuidado Infantil,\u00a0Escuela Infantil Los Bollitos, situada en la [&hellip;]","og_url":"https:\/\/www.madridlicencias.com\/blog\/licencia-de-actividad-y-apertura-de-guarderia\/","og_site_name":"Licencias de Apertura y Actividad","article_publisher":"https:\/\/www.facebook.com\/ArquitectosVillanueva","article_published_time":"2022-08-02T11:00:51+00:00","og_image":[{"width":1599,"height":972,"url":"https:\/\/www.madridlicencias.com\/blog\/wp-content\/uploads\/Licencia-Actividad-de-Guarder\u00eda.jpg","type":"image\/jpeg"}],"author":"Cristina","twitter_card":"summary_large_image","twitter_creator":"@gorkavillanueva","twitter_site":"@gorkavillanueva","twitter_misc":{"Escrito por":"Cristina","Tiempo de lectura":"5 minutos"},"schema":{"@context":"https:\/\/schema.org","@graph":[{"@type":"Article","@id":"https:\/\/www.madridlicencias.com\/blog\/licencia-de-actividad-y-apertura-de-guarderia\/#article","isPartOf":{"@id":"https:\/\/www.madridlicencias.com\/blog\/licencia-de-actividad-y-apertura-de-guarderia\/"},"author":{"name":"Cristina","@id":"https:\/\/www.madridlicencias.com\/blog\/#\/schema\/person\/e61eaf5d743335f3dbf29e2557725502"},"headline":"Licencia de Actividad y Apertura de Guarder\u00eda","datePublished":"2022-08-02T11:00:51+00:00","mainEntityOfPage":{"@id":"https:\/\/www.madridlicencias.com\/blog\/licencia-de-actividad-y-apertura-de-guarderia\/"},"wordCount":918,"commentCount":0,"publisher":{"@id":"https:\/\/www.madridlicencias.com\/blog\/#\/schema\/person\/33c4a38b2dfdf1309dd9a667d142c13c"},"image":{"@id":"https:\/\/www.madridlicencias.com\/blog\/licencia-de-actividad-y-apertura-de-guarderia\/#primaryimage"},"thumbnailUrl":"https:\/\/www.madridlicencias.com\/blog\/wp-content\/uploads\/Licencia-Actividad-de-Guarder\u00eda.jpg","keywords":["centro de cuidado infantil","licencia de apertura de guarder\u00eda","licencia escuela infantil","requisitoa m\u00ednimos centro educaci\u00f3n infantil"],"articleSection":["Apertura","Normativa"],"inLanguage":"es","potentialAction":[{"@type":"CommentAction","name":"Comment","target":["https:\/\/www.madridlicencias.com\/blog\/licencia-de-actividad-y-apertura-de-guarderia\/#respond"]}]},{"@type":"WebPage","@id":"https:\/\/www.madridlicencias.com\/blog\/licencia-de-actividad-y-apertura-de-guarderia\/","url":"https:\/\/www.madridlicencias.com\/blog\/licencia-de-actividad-y-apertura-de-guarderia\/","name":"Licencia de Actividad y Apertura de Guarder\u00eda - Licencias de Apertura y Actividad","isPartOf":{"@id":"https:\/\/www.madridlicencias.com\/blog\/#website"},"primaryImageOfPage":{"@id":"https:\/\/www.madridlicencias.com\/blog\/licencia-de-actividad-y-apertura-de-guarderia\/#primaryimage"},"image":{"@id":"https:\/\/www.madridlicencias.com\/blog\/licencia-de-actividad-y-apertura-de-guarderia\/#primaryimage"},"thumbnailUrl":"https:\/\/www.madridlicencias.com\/blog\/wp-content\/uploads\/Licencia-Actividad-de-Guarder\u00eda.jpg","datePublished":"2022-08-02T11:00:51+00:00","breadcrumb":{"@id":"https:\/\/www.madridlicencias.com\/blog\/licencia-de-actividad-y-apertura-de-guarderia\/#breadcrumb"},"inLanguage":"es","potentialAction":[{"@type":"ReadAction","target":["https:\/\/www.madridlicencias.com\/blog\/licencia-de-actividad-y-apertura-de-guarderia\/"]}]},{"@type":"ImageObject","inLanguage":"es","@id":"https:\/\/www.madridlicencias.com\/blog\/licencia-de-actividad-y-apertura-de-guarderia\/#primaryimage","url":"https:\/\/www.madridlicencias.com\/blog\/wp-content\/uploads\/Licencia-Actividad-de-Guarder\u00eda.jpg","contentUrl":"https:\/\/www.madridlicencias.com\/blog\/wp-content\/uploads\/Licencia-Actividad-de-Guarder\u00eda.jpg","width":1599,"height":972},{"@type":"BreadcrumbList","@id":"https:\/\/www.madridlicencias.com\/blog\/licencia-de-actividad-y-apertura-de-guarderia\/#breadcrumb","itemListElement":[{"@type":"ListItem","position":1,"name":"Portada","item":"https:\/\/www.madridlicencias.com\/blog\/"},{"@type":"ListItem","position":2,"name":"Licencia de Actividad y Apertura de Guarder\u00eda"}]},{"@type":"WebSite","@id":"https:\/\/www.madridlicencias.com\/blog\/#website","url":"https:\/\/www.madridlicencias.com\/blog\/","name":"Licencias de Apertura y Actividad","description":"Especializados en la tramitaci\u00f3n de licencias de actividad, licencias de apertura y declaraciones responsables. Resolvemos todas tus dudas sobre c\u00f3mo obtener tu licencia de funcionamiento y gestionar los tr\u00e1mites con el Ayuntamiento. Somos expertos en la gesti\u00f3n de aperturas de negocios. Este espacio est\u00e1 dise\u00f1ado para guiarte en el complejo mundo de las licencias de actividad y la burocracia urban\u00edstica. Aqu\u00ed encontrar\u00e1s an\u00e1lisis de normativa, gu\u00edas de procedimiento y ejemplos pr\u00e1cticos para tu negocio o local. Convierte tu proyecto en realidad con informaci\u00f3n t\u00e9cnica actualizada y fiable.","publisher":{"@id":"https:\/\/www.madridlicencias.com\/blog\/#\/schema\/person\/33c4a38b2dfdf1309dd9a667d142c13c"},"potentialAction":[{"@type":"SearchAction","target":{"@type":"EntryPoint","urlTemplate":"https:\/\/www.madridlicencias.com\/blog\/?s={search_term_string}"},"query-input":{"@type":"PropertyValueSpecification","valueRequired":true,"valueName":"search_term_string"}}],"inLanguage":"es"},{"@type":["Person","Organization"],"@id":"https:\/\/www.madridlicencias.com\/blog\/#\/schema\/person\/33c4a38b2dfdf1309dd9a667d142c13c","name":"Gorka Villanueva","image":{"@type":"ImageObject","inLanguage":"es","@id":"https:\/\/secure.gravatar.com\/avatar\/2b22df0b555528a455bd6d7a4d62706746a36d31559440cca3a43072b34ff7ad?s=96&d=mm&r=g","url":"https:\/\/secure.gravatar.com\/avatar\/2b22df0b555528a455bd6d7a4d62706746a36d31559440cca3a43072b34ff7ad?s=96&d=mm&r=g","contentUrl":"https:\/\/secure.gravatar.com\/avatar\/2b22df0b555528a455bd6d7a4d62706746a36d31559440cca3a43072b34ff7ad?s=96&d=mm&r=g","caption":"Gorka Villanueva"},"logo":{"@id":"https:\/\/secure.gravatar.com\/avatar\/2b22df0b555528a455bd6d7a4d62706746a36d31559440cca3a43072b34ff7ad?s=96&d=mm&r=g"},"sameAs":["http:\/\/www.madridlicencias.com","https:\/\/www.facebook.com\/ArquitectosVillanueva","https:\/\/www.linkedin.com\/in\/gorkavilla\/"]},{"@type":"Person","@id":"https:\/\/www.madridlicencias.com\/blog\/#\/schema\/person\/e61eaf5d743335f3dbf29e2557725502","name":"Cristina","image":{"@type":"ImageObject","inLanguage":"es","@id":"https:\/\/secure.gravatar.com\/avatar\/85f240b930747f70492964b11df06e07040af0a2caa1282d8683db3db6f50471?s=96&d=mm&r=g","url":"https:\/\/secure.gravatar.com\/avatar\/85f240b930747f70492964b11df06e07040af0a2caa1282d8683db3db6f50471?s=96&d=mm&r=g","contentUrl":"https:\/\/secure.gravatar.com\/avatar\/85f240b930747f70492964b11df06e07040af0a2caa1282d8683db3db6f50471?s=96&d=mm&r=g","caption":"Cristina"},"url":"https:\/\/www.madridlicencias.com\/blog\/author\/cristina\/"}]}},"_links":{"self":[{"href":"https:\/\/www.madridlicencias.com\/blog\/wp-json\/wp\/v2\/posts\/2624","targetHints":{"allow":["GET"]}}],"collection":[{"href":"https:\/\/www.madridlicencias.com\/blog\/wp-json\/wp\/v2\/posts"}],"about":[{"href":"https:\/\/www.madridlicencias.com\/blog\/wp-json\/wp\/v2\/types\/post"}],"author":[{"embeddable":true,"href":"https:\/\/www.madridlicencias.com\/blog\/wp-json\/wp\/v2\/users\/1141"}],"replies":[{"embeddable":true,"href":"https:\/\/www.madridlicencias.com\/blog\/wp-json\/wp\/v2\/comments?post=2624"}],"version-history":[{"count":3,"href":"https:\/\/www.madridlicencias.com\/blog\/wp-json\/wp\/v2\/posts\/2624\/revisions"}],"predecessor-version":[{"id":2647,"href":"https:\/\/www.madridlicencias.com\/blog\/wp-json\/wp\/v2\/posts\/2624\/revisions\/2647"}],"wp:featuredmedia":[{"embeddable":true,"href":"https:\/\/www.madridlicencias.com\/blog\/wp-json\/wp\/v2\/media\/2643"}],"wp:attachment":[{"href":"https:\/\/www.madridlicencias.com\/blog\/wp-json\/wp\/v2\/media?parent=2624"}],"wp:term":[{"taxonomy":"category","embeddable":true,"href":"https:\/\/www.madridlicencias.com\/blog\/wp-json\/wp\/v2\/categories?post=2624"},{"taxonomy":"post_tag","embeddable":true,"href":"https:\/\/www.madridlicencias.com\/blog\/wp-json\/wp\/v2\/tags?post=2624"}],"curies":[{"name":"wp","href":"https:\/\/api.w.org\/{rel}","templated":true}]}}