{"id":2626,"date":"2023-04-02T13:00:33","date_gmt":"2023-04-02T11:00:33","guid":{"rendered":"https:\/\/www.madridlicencias.com\/blog\/?p=2626"},"modified":"2018-10-04T00:29:10","modified_gmt":"2018-10-03T22:29:10","slug":"licencia-de-apertura-y-actividad-de-pasteleria-cafeteria","status":"publish","type":"post","link":"https:\/\/www.madridlicencias.com\/blog\/licencia-de-apertura-y-actividad-de-pasteleria-cafeteria\/","title":{"rendered":"Licencia de Apertura y Actividad de Pasteler\u00eda Cafeter\u00eda"},"content":{"rendered":"<p>Vamos a hablar de la nueva licencia de actividad de una\u00a0<em><strong>pasteler\u00eda cafeter\u00eda\u00a0<\/strong><\/em>que hemos tramitado, situada en la calle Ventura Rodr\u00edguez, 3 cerca de Plaza Espa\u00f1a; Madrid.<\/p>\n<p><a href=\"https:\/\/www.madridlicencias.com\/blog\/wp-content\/uploads\/Licencia-Apertura-Cafeteria-Pasteleria.png\"><img loading=\"lazy\" decoding=\"async\" class=\"aligncenter size-full wp-image-2637\" src=\"https:\/\/www.madridlicencias.com\/blog\/wp-content\/uploads\/Licencia-Apertura-Cafeteria-Pasteleria.png\" alt=\"\" width=\"598\" height=\"598\" srcset=\"https:\/\/www.madridlicencias.com\/blog\/wp-content\/uploads\/Licencia-Apertura-Cafeteria-Pasteleria.png 598w, https:\/\/www.madridlicencias.com\/blog\/wp-content\/uploads\/Licencia-Apertura-Cafeteria-Pasteleria-150x150.png 150w, https:\/\/www.madridlicencias.com\/blog\/wp-content\/uploads\/Licencia-Apertura-Cafeteria-Pasteleria-300x300.png 300w\" sizes=\"auto, (max-width: 598px) 100vw, 598px\" \/><\/a><\/p>\n<p>Se trata de un local de unos 70 metros cuadrados destinado a <strong>pasteler\u00eda-cafeter\u00eda<\/strong> y cuenta con su propio <strong>obrador<\/strong> en el que realiza sus productos.<\/p>\n<p>La idea de <em>Kistchy<\/em> es fusionar la pasteler\u00eda francesa con sabores e ingredientes de diversos pa\u00edses, Italia, Per\u00fa o M\u00e9xico; as\u00ed como de invenciones propias lo cual dan lugar a elaboraciones de lo m\u00e1s novedosas en el mercado como la\u00a0Tarta de Choco-Chili, que toma como referencia M\u00e9xico, o la \u2018Kitschy\u2019 en color turquesa, con mousse de cava, coul\u00eds de frambuesa y lichi en almibar se convierten en las m\u00e1s ex\u00f3ticas del local.<\/p>\n<p>A parte de las tartas y boller\u00eda comunes, encontramos todo un abanico de productos como los Croissants de fruta de la pasi\u00f3n, Caracolas con yuzu, Croissants con tinta de calamar, Galletas de parmesano o las Trufas de an\u00eds con canela o lima. Para acompa\u00f1ar estos productos, tambi\u00e9n nos ofrecen una carta que se compone de caf\u00e9s, batidos o bebidas propias e identificativas como la chicha morada: la bebida m\u00e1s t\u00edpica de Per\u00fa hecha con mazorca de ma\u00edz morada, pi\u00f1a o, por otro lado, la limonada.<\/p>\n<p>Pero si hay algo por lo que <em>Kitschy<\/em>\u00a0destaque es por su elaboraci\u00f3n artesanal. Tambi\u00e9n se pueden hacer encargos personalizados y dise\u00f1ar con la chef cualquier tipo de producto, desde macarons a galletas o tartas decoradas con dibujos imposibles.<\/p>\n<p><strong>REGLAMENTO T\u00c9CNICO-SANITARIO PARA LA ELABORACI\u00d3N, FABRICACI\u00d3N, CIRCULACI\u00d3N Y COMERCIO DE PRODUCTOS DE CONFITER\u00cdA, PASTELER\u00cdA, BOLLER\u00cdA Y REPOSTER\u00cdA.<\/strong><\/p>\n<p><em><strong>Condiciones de las industrias de los elaboradores de los materiales y del personal<\/strong><\/em><\/p>\n<p><em>Requisitos industriales&#8230;.<\/em><\/p>\n<p><!--more--><br \/>\nLas industrias o elaboradores de productos de confiter\u00eda, pasteler\u00eda, boller\u00eda y reposter\u00eda cumplir\u00e1n obligatoriamente las siguientes exigencias:<\/p>\n<ol>\n<li>Todos los locales destinados a la elaboraci\u00f3n, envasado y, en general, manipulaci\u00f3n de materias primas, productos intermedios o finales estar\u00e1n debidamente aislados de cualquier otro ajeno a sus cometidos espec\u00edficos.<\/li>\n<li>Les ser\u00e1n de aplicaci\u00f3n los<em> Reglamentos vigentes de recipientes a presi\u00f3n, electrot\u00e9cnicos para alta y baja tensi\u00f3n<\/em> y, en general, cualquier otro de car\u00e1cter industrial y de higiene laboral que conforme a su naturaleza o a su fin corresponda.<\/li>\n<li>Los recipientes, m\u00e1quinas y utensilios destinados a estar en contacto con los productos elaborados,\u00a0con sus materias primas o con los productos intermedios, ser\u00e1n de materiales que no alteren las\u00a0caracter\u00edsticas de su contenido ni la de ellos mismos.<\/li>\n<li><em>Los obradores de confiter\u00eda, pasteler\u00eda, boller\u00eda y reposter\u00eda deber\u00e1n tener<\/em> una superficie adecuada a la elaboraci\u00f3n, variedad, manipulaci\u00f3n y volumen de fabricaci\u00f3n de los productos, con <em>localizaci\u00f3n aisl<\/em>ada de los servicios, oficinas, vestuarios, lavabos y almacenes.<\/li>\n<li>El agua utilizada en el proceso de fabricaci\u00f3n y limpieza ser\u00e1 potable desde el punto de vista f\u00edsico, qu\u00edmico y microbiol\u00f3gico.<\/li>\n<li>Las industrias, establecimientos elaboradores y almacenes de productos de confiter\u00eda, pasteler\u00eda, boller\u00eda y reposter\u00eda dispondr\u00e1n de las instalaciones frigor\u00edficas para aquellos productos que requieran conservaci\u00f3n por el fr\u00edo, con capacidad siempre acorde con su volumen de producci\u00f3n y venta.<\/li>\n<li>El horno utilizado en la cocci\u00f3n de las masas podr\u00e1 ser de calefacci\u00f3n por combustibles s\u00f3lidos, l\u00edquidos o gaseosos, o mediante calefacci\u00f3n el\u00e9ctrica.<br \/>\nCuando se utilicen combustibles s\u00f3lidos y las masas en cocci\u00f3n est\u00e9n en contacto con los humos o gases desprendidos de su combusti\u00f3n, \u00e9stos deber\u00e1n ser de tal naturaleza que no puedan originar ninguna contaminaci\u00f3n nociva de los productos elaborados. En este tipo de hornos queda prohibido utilizar maderas que proporcionen olor o sabor desagradable, juncos, zuros de ma\u00edz u otros materiales s\u00f3lidos; que puedan depositar holl\u00edn sobre la masa en cocci\u00f3n, as\u00ed como materiales de desecho que puedan desprender sustancias t\u00f3xicas en su combusti\u00f3n. Cuando se utilicen combustibles l\u00edquidos o gaseosos para la calefacci\u00f3n del horno, las masas en cocci\u00f3n no podr\u00e1n ponerse en contacto en ning\u00fan caso, con los humos y gases de la combusti\u00f3n.<br \/>\nTanto si se utilizan combustibles s\u00f3lidos, l\u00edquidos o gaseosos, la instalaci\u00f3n de <em>evacuaci\u00f3n de humos y gases de combusti\u00f3n cumplir\u00e1 las condiciones reglamentarias sobre contaminaci\u00f3n atmosf\u00e9rica.<\/em><br \/>\nEl almacenamiento de los combustibles s\u00f3lidos deber\u00e1 estar perfectamente aislado de las zonas de elaboraci\u00f3n y almacenamiento de productos.<\/li>\n<\/ol>\n<p><a href=\"https:\/\/www.madridlicencias.com\/blog\/wp-content\/uploads\/Licencia-Actividad-Pasteleria-Cafeteria.png\"><img loading=\"lazy\" decoding=\"async\" class=\"aligncenter size-full wp-image-2638\" src=\"https:\/\/www.madridlicencias.com\/blog\/wp-content\/uploads\/Licencia-Actividad-Pasteleria-Cafeteria.png\" alt=\"\" width=\"598\" height=\"598\" srcset=\"https:\/\/www.madridlicencias.com\/blog\/wp-content\/uploads\/Licencia-Actividad-Pasteleria-Cafeteria.png 598w, https:\/\/www.madridlicencias.com\/blog\/wp-content\/uploads\/Licencia-Actividad-Pasteleria-Cafeteria-150x150.png 150w, https:\/\/www.madridlicencias.com\/blog\/wp-content\/uploads\/Licencia-Actividad-Pasteleria-Cafeteria-300x300.png 300w\" sizes=\"auto, (max-width: 598px) 100vw, 598px\" \/><\/a><\/p>\n<p><em>Requisitos Higi\u00e9nico-sanitarios.<\/em><br \/>\nDe modo gen\u00e9rico, las industrias de fabricaci\u00f3n y elaboraci\u00f3n de productos de confitera, pasteler\u00eda, boller\u00eda y reposter\u00eda deben reunir las condiciones m\u00ednimas siguientes:<\/p>\n<ol>\n<li>Los locales de fabricaci\u00f3n o almacenamiento y sus anexos, en todo caso, deber\u00e1n ser adecuados para el uso a que se destinen, con accesos f\u00e1ciles y amplios, situados a conveniente distancia de cualquier causa de suciedad, contaminaci\u00f3n o insalubridad y separados rigurosamente de viviendas o locales donde pernocte o haga sus comidas cualquier clase de personal.<\/li>\n<li>En su construcci\u00f3n o reparaci\u00f3n se emplear\u00e1n materiales verdaderamente id\u00f3neos y en ning\u00fan caso susceptibles de originar intoxicaciones o contaminaciones. Los pavimentos ser\u00e1n impermeables, resistentes, lavables e ign\u00edfugos, dot\u00e1ndoles de los sistemas de desag\u00fces precisos. Las paredes y los techos se construir\u00e1n con materiales que permitan su conservaci\u00f3n en perfectas condiciones de limpieza, blanqueado o pintura.<\/li>\n<li>La ventilaci\u00f3n e iluminaci\u00f3n, naturales o artificiales, ser\u00e1n las reglamentarias y, en todo caso, apropiadas al destino, capacidad y volumen del local.<\/li>\n<li>Dispondr\u00e1n en todo momento de agua corriente potable en cantidad suficiente para la elaboraci\u00f3n, manipulaci\u00f3n y preparaci\u00f3n de sus productos y para la limpieza y lavado de locales, instalaciones y elementos industriales, as\u00ed como para el aseo del personal.<\/li>\n<li>Habr\u00e1n de tener servicios higi\u00e9nicos con lavabo adjunto y vestuarios en n\u00famero y caracter\u00edsticas acomodadas a lo que prevean, en cada caso, las autoridades sanitarias. En el obrador dispondr\u00e1n del lavamanos de funcionamiento no manual, en n\u00famero necesario, con jab\u00f3n l\u00edquido y toallas de un solo uso.<\/li>\n<li>Todos los locales deben mantenerse constantemente en estado de gran pulcritud y limpieza, la que habr\u00e1 de llevarse a cabo por los m\u00e9todos m\u00e1s apropiados para no levantar polvo ni originar alteraciones o contaminaciones.<\/li>\n<li>Todas las m\u00e1quinas y dem\u00e1s elementos que est\u00e9n en contacto con las materias primas o auxiliares, art\u00edculos en curso de elaboraci\u00f3n, productos elaborados y envases ser\u00e1n de caracter\u00edsticas tales que no puedan transmitir al producto propiedades nocivas y originar en contacto con \u00e9l reacciones qu\u00edmicas iguales precauciones se tomar\u00e1n en cuanto a los recipientes, elementos de transporte, envases provisionales y locales de almacenamiento. Todos estos elementos estar\u00e1n construidos en forma tal que puedan mantenerse en perfectas condiciones de higiene y limpieza.<\/li>\n<li>Contar\u00e1n con servicios, defensas, utillajes e instalaciones adecuados en su construcci\u00f3n y emplazamiento para garantizar la conservaci\u00f3n de sus productos en \u00f3ptimas condiciones de higiene y limpieza y su no contaminaci\u00f3n por la proximidad o contacto con cualquier clase de residuos o aguas residuales, humos suciedad y materias extra\u00f1as, as\u00ed corno por la presencia de insectos, roedores, aves y otros animales.<\/li>\n<li>Deber\u00e1n poder mantener las temperaturas adecuadas, humedad relativa y conveniente circulaci\u00f3n de aire, de manera que los productos no sufran alteraci\u00f3n o cambio de sus caracter\u00edsticas iniciales.\u00a0Igualmente deber\u00e1n permitir la protecci\u00f3n de los productos contra la acci\u00f3n directa de la luz solar, cuando \u00e9sta les sea perjudicial.<\/li>\n<li>Permitir\u00e1n la rotaci\u00f3n de las existencias y remociones peri\u00f3dicas en funci\u00f3n del tiempo de almacenamiento y condiciones de conservaci\u00f3n que exija cada producto.<\/li>\n<li>Cualesquiera otras condiciones t\u00e9cnicas, sanitarias, higi\u00e9nicas y laborales establecidas o que establezcan, en sus respectivas competencias, los Organismos de la Administraci\u00f3n P\u00fablica y la propia agrupaci\u00f3n.<\/li>\n<\/ol>\n<p><a href=\"https:\/\/www.madridlicencias.com\/blog\/wp-content\/uploads\/Licencia-de-Actividad-Cafeteria-Pasteleria.png\"><img loading=\"lazy\" decoding=\"async\" class=\"aligncenter size-full wp-image-2639\" src=\"https:\/\/www.madridlicencias.com\/blog\/wp-content\/uploads\/Licencia-de-Actividad-Cafeteria-Pasteleria.png\" alt=\"\" width=\"528\" height=\"597\" srcset=\"https:\/\/www.madridlicencias.com\/blog\/wp-content\/uploads\/Licencia-de-Actividad-Cafeteria-Pasteleria.png 528w, https:\/\/www.madridlicencias.com\/blog\/wp-content\/uploads\/Licencia-de-Actividad-Cafeteria-Pasteleria-265x300.png 265w\" sizes=\"auto, (max-width: 528px) 100vw, 528px\" \/><\/a><\/p>\n<p>&nbsp;<\/p>\n<p>&nbsp;<\/p>\n\n\n<div class=\"kk-star-ratings kksr-auto kksr-align-left kksr-valign-bottom\"\n    data-payload='{&quot;align&quot;:&quot;left&quot;,&quot;id&quot;:&quot;2626&quot;,&quot;slug&quot;:&quot;default&quot;,&quot;valign&quot;:&quot;bottom&quot;,&quot;ignore&quot;:&quot;&quot;,&quot;reference&quot;:&quot;auto&quot;,&quot;class&quot;:&quot;&quot;,&quot;count&quot;:&quot;13&quot;,&quot;legendonly&quot;:&quot;&quot;,&quot;readonly&quot;:&quot;&quot;,&quot;score&quot;:&quot;5&quot;,&quot;starsonly&quot;:&quot;&quot;,&quot;best&quot;:&quot;5&quot;,&quot;gap&quot;:&quot;4&quot;,&quot;greet&quot;:&quot;&quot;,&quot;legend&quot;:&quot;5\\\/5 - (13 votos)&quot;,&quot;size&quot;:&quot;24&quot;,&quot;title&quot;:&quot;Licencia de Apertura y Actividad de Pasteler\u00eda Cafeter\u00eda&quot;,&quot;width&quot;:&quot;138&quot;,&quot;_legend&quot;:&quot;{score}\\\/{best} - ({count} {votes})&quot;,&quot;font_factor&quot;:&quot;1.25&quot;}'>\n            \n<div class=\"kksr-stars\">\n    \n<div class=\"kksr-stars-inactive\">\n            <div class=\"kksr-star\" data-star=\"1\" style=\"padding-right: 4px\">\n            \n\n<div class=\"kksr-icon\" style=\"width: 24px; height: 24px;\"><\/div>\n        <\/div>\n            <div class=\"kksr-star\" data-star=\"2\" style=\"padding-right: 4px\">\n            \n\n<div class=\"kksr-icon\" style=\"width: 24px; height: 24px;\"><\/div>\n        <\/div>\n            <div class=\"kksr-star\" data-star=\"3\" style=\"padding-right: 4px\">\n            \n\n<div class=\"kksr-icon\" style=\"width: 24px; height: 24px;\"><\/div>\n        <\/div>\n            <div class=\"kksr-star\" data-star=\"4\" style=\"padding-right: 4px\">\n            \n\n<div class=\"kksr-icon\" style=\"width: 24px; height: 24px;\"><\/div>\n        <\/div>\n            <div class=\"kksr-star\" data-star=\"5\" style=\"padding-right: 4px\">\n            \n\n<div class=\"kksr-icon\" style=\"width: 24px; height: 24px;\"><\/div>\n        <\/div>\n    <\/div>\n    \n<div class=\"kksr-stars-active\" style=\"width: 138px;\">\n            <div class=\"kksr-star\" style=\"padding-right: 4px\">\n            \n\n<div class=\"kksr-icon\" style=\"width: 24px; height: 24px;\"><\/div>\n        <\/div>\n            <div class=\"kksr-star\" style=\"padding-right: 4px\">\n            \n\n<div class=\"kksr-icon\" style=\"width: 24px; height: 24px;\"><\/div>\n        <\/div>\n            <div class=\"kksr-star\" style=\"padding-right: 4px\">\n            \n\n<div class=\"kksr-icon\" style=\"width: 24px; height: 24px;\"><\/div>\n        <\/div>\n            <div class=\"kksr-star\" style=\"padding-right: 4px\">\n            \n\n<div class=\"kksr-icon\" style=\"width: 24px; height: 24px;\"><\/div>\n        <\/div>\n            <div class=\"kksr-star\" style=\"padding-right: 4px\">\n            \n\n<div class=\"kksr-icon\" style=\"width: 24px; height: 24px;\"><\/div>\n        <\/div>\n    <\/div>\n<\/div>\n                \n\n<div class=\"kksr-legend\" style=\"font-size: 19.2px;\">\n            5\/5 - (13 votos)    <\/div>\n    <\/div>\n<p id=\"bte_opp\"><small><\/small><\/p>","protected":false},"excerpt":{"rendered":"<p>Vamos a hablar de la nueva licencia de actividad de una\u00a0pasteler\u00eda cafeter\u00eda\u00a0que hemos tramitado, situada en la calle Ventura Rodr\u00edguez, [&hellip;]<\/p>\n","protected":false},"author":1141,"featured_media":2637,"comment_status":"open","ping_status":"open","sticky":false,"template":"","format":"standard","meta":{"rop_custom_images_group":[],"rop_custom_messages_group":[],"rop_publish_now":"initial","rop_publish_now_accounts":{"twitter_17708481_17708481":""},"rop_publish_now_history":[],"rop_publish_now_status":"pending","footnotes":""},"categories":[89],"tags":[32,312,775,777,776],"class_list":["post-2626","post","type-post","status-publish","format-standard","has-post-thumbnail","hentry","category-apertura","tag-cafeteria","tag-licencia-actividad-pasteleria","tag-licencia-apertura-pasteleria-cafeteria","tag-pasteleria","tag-pasteleria-con-obrador"],"yoast_head":"<!-- This site is optimized with the Yoast SEO plugin v27.5 - https:\/\/yoast.com\/product\/yoast-seo-wordpress\/ -->\n<title>Licencia de Apertura y Actividad de Pasteler\u00eda Cafeter\u00eda - Licencias de Apertura y Actividad<\/title>\n<meta name=\"robots\" content=\"index, follow, max-snippet:-1, max-image-preview:large, max-video-preview:-1\" \/>\n<link rel=\"canonical\" href=\"https:\/\/www.madridlicencias.com\/blog\/licencia-de-apertura-y-actividad-de-pasteleria-cafeteria\/\" \/>\n<meta property=\"og:locale\" content=\"es_ES\" \/>\n<meta property=\"og:type\" content=\"article\" \/>\n<meta property=\"og:title\" content=\"Licencia de Apertura y Actividad de Pasteler\u00eda Cafeter\u00eda - Licencias de Apertura y Actividad\" \/>\n<meta property=\"og:description\" content=\"Vamos a hablar de la nueva licencia de actividad de una\u00a0pasteler\u00eda cafeter\u00eda\u00a0que hemos tramitado, situada en la calle Ventura Rodr\u00edguez, [&hellip;]\" \/>\n<meta property=\"og:url\" content=\"https:\/\/www.madridlicencias.com\/blog\/licencia-de-apertura-y-actividad-de-pasteleria-cafeteria\/\" \/>\n<meta property=\"og:site_name\" content=\"Licencias de Apertura y Actividad\" \/>\n<meta property=\"article:publisher\" content=\"https:\/\/www.facebook.com\/ArquitectosVillanueva\" \/>\n<meta property=\"article:published_time\" content=\"2023-04-02T11:00:33+00:00\" \/>\n<meta property=\"og:image\" content=\"https:\/\/www.madridlicencias.com\/blog\/wp-content\/uploads\/Licencia-Apertura-Cafeteria-Pasteleria.png\" \/>\n\t<meta property=\"og:image:width\" content=\"598\" \/>\n\t<meta property=\"og:image:height\" content=\"598\" \/>\n\t<meta property=\"og:image:type\" content=\"image\/png\" \/>\n<meta name=\"author\" content=\"Cristina\" \/>\n<meta name=\"twitter:card\" content=\"summary_large_image\" \/>\n<meta name=\"twitter:creator\" content=\"@gorkavillanueva\" \/>\n<meta name=\"twitter:site\" content=\"@gorkavillanueva\" \/>\n<meta name=\"twitter:label1\" content=\"Escrito por\" \/>\n\t<meta name=\"twitter:data1\" content=\"Cristina\" \/>\n\t<meta name=\"twitter:label2\" content=\"Tiempo de lectura\" \/>\n\t<meta name=\"twitter:data2\" content=\"7 minutos\" \/>\n<script type=\"application\/ld+json\" class=\"yoast-schema-graph\">{\"@context\":\"https:\\\/\\\/schema.org\",\"@graph\":[{\"@type\":\"Article\",\"@id\":\"https:\\\/\\\/www.madridlicencias.com\\\/blog\\\/licencia-de-apertura-y-actividad-de-pasteleria-cafeteria\\\/#article\",\"isPartOf\":{\"@id\":\"https:\\\/\\\/www.madridlicencias.com\\\/blog\\\/licencia-de-apertura-y-actividad-de-pasteleria-cafeteria\\\/\"},\"author\":{\"name\":\"Cristina\",\"@id\":\"https:\\\/\\\/www.madridlicencias.com\\\/blog\\\/#\\\/schema\\\/person\\\/e61eaf5d743335f3dbf29e2557725502\"},\"headline\":\"Licencia de Apertura y Actividad de Pasteler\u00eda Cafeter\u00eda\",\"datePublished\":\"2023-04-02T11:00:33+00:00\",\"mainEntityOfPage\":{\"@id\":\"https:\\\/\\\/www.madridlicencias.com\\\/blog\\\/licencia-de-apertura-y-actividad-de-pasteleria-cafeteria\\\/\"},\"wordCount\":1395,\"commentCount\":1,\"publisher\":{\"@id\":\"https:\\\/\\\/www.madridlicencias.com\\\/blog\\\/#\\\/schema\\\/person\\\/33c4a38b2dfdf1309dd9a667d142c13c\"},\"image\":{\"@id\":\"https:\\\/\\\/www.madridlicencias.com\\\/blog\\\/licencia-de-apertura-y-actividad-de-pasteleria-cafeteria\\\/#primaryimage\"},\"thumbnailUrl\":\"https:\\\/\\\/www.madridlicencias.com\\\/blog\\\/wp-content\\\/uploads\\\/Licencia-Apertura-Cafeteria-Pasteleria.png\",\"keywords\":[\"cafeter\u00eda\",\"Licencia actividad pasteleria\",\"licencia apertura pasteleria cafeter\u00eda\",\"pasteler\u00eda\",\"pasteleria con obrador\"],\"articleSection\":[\"Apertura\"],\"inLanguage\":\"es\",\"potentialAction\":[{\"@type\":\"CommentAction\",\"name\":\"Comment\",\"target\":[\"https:\\\/\\\/www.madridlicencias.com\\\/blog\\\/licencia-de-apertura-y-actividad-de-pasteleria-cafeteria\\\/#respond\"]}]},{\"@type\":\"WebPage\",\"@id\":\"https:\\\/\\\/www.madridlicencias.com\\\/blog\\\/licencia-de-apertura-y-actividad-de-pasteleria-cafeteria\\\/\",\"url\":\"https:\\\/\\\/www.madridlicencias.com\\\/blog\\\/licencia-de-apertura-y-actividad-de-pasteleria-cafeteria\\\/\",\"name\":\"Licencia de Apertura y Actividad de Pasteler\u00eda Cafeter\u00eda - Licencias de Apertura y Actividad\",\"isPartOf\":{\"@id\":\"https:\\\/\\\/www.madridlicencias.com\\\/blog\\\/#website\"},\"primaryImageOfPage\":{\"@id\":\"https:\\\/\\\/www.madridlicencias.com\\\/blog\\\/licencia-de-apertura-y-actividad-de-pasteleria-cafeteria\\\/#primaryimage\"},\"image\":{\"@id\":\"https:\\\/\\\/www.madridlicencias.com\\\/blog\\\/licencia-de-apertura-y-actividad-de-pasteleria-cafeteria\\\/#primaryimage\"},\"thumbnailUrl\":\"https:\\\/\\\/www.madridlicencias.com\\\/blog\\\/wp-content\\\/uploads\\\/Licencia-Apertura-Cafeteria-Pasteleria.png\",\"datePublished\":\"2023-04-02T11:00:33+00:00\",\"breadcrumb\":{\"@id\":\"https:\\\/\\\/www.madridlicencias.com\\\/blog\\\/licencia-de-apertura-y-actividad-de-pasteleria-cafeteria\\\/#breadcrumb\"},\"inLanguage\":\"es\",\"potentialAction\":[{\"@type\":\"ReadAction\",\"target\":[\"https:\\\/\\\/www.madridlicencias.com\\\/blog\\\/licencia-de-apertura-y-actividad-de-pasteleria-cafeteria\\\/\"]}]},{\"@type\":\"ImageObject\",\"inLanguage\":\"es\",\"@id\":\"https:\\\/\\\/www.madridlicencias.com\\\/blog\\\/licencia-de-apertura-y-actividad-de-pasteleria-cafeteria\\\/#primaryimage\",\"url\":\"https:\\\/\\\/www.madridlicencias.com\\\/blog\\\/wp-content\\\/uploads\\\/Licencia-Apertura-Cafeteria-Pasteleria.png\",\"contentUrl\":\"https:\\\/\\\/www.madridlicencias.com\\\/blog\\\/wp-content\\\/uploads\\\/Licencia-Apertura-Cafeteria-Pasteleria.png\",\"width\":598,\"height\":598},{\"@type\":\"BreadcrumbList\",\"@id\":\"https:\\\/\\\/www.madridlicencias.com\\\/blog\\\/licencia-de-apertura-y-actividad-de-pasteleria-cafeteria\\\/#breadcrumb\",\"itemListElement\":[{\"@type\":\"ListItem\",\"position\":1,\"name\":\"Portada\",\"item\":\"https:\\\/\\\/www.madridlicencias.com\\\/blog\\\/\"},{\"@type\":\"ListItem\",\"position\":2,\"name\":\"Licencia de Apertura y Actividad de Pasteler\u00eda Cafeter\u00eda\"}]},{\"@type\":\"WebSite\",\"@id\":\"https:\\\/\\\/www.madridlicencias.com\\\/blog\\\/#website\",\"url\":\"https:\\\/\\\/www.madridlicencias.com\\\/blog\\\/\",\"name\":\"Licencias de Apertura y Actividad\",\"description\":\"Especializados en la tramitaci\u00f3n de licencias de actividad, licencias de apertura y declaraciones responsables. Resolvemos todas tus dudas sobre c\u00f3mo obtener tu licencia de funcionamiento y gestionar los tr\u00e1mites con el Ayuntamiento. Somos expertos en la gesti\u00f3n de aperturas de negocios. Este espacio est\u00e1 dise\u00f1ado para guiarte en el complejo mundo de las licencias de actividad y la burocracia urban\u00edstica. Aqu\u00ed encontrar\u00e1s an\u00e1lisis de normativa, gu\u00edas de procedimiento y ejemplos pr\u00e1cticos para tu negocio o local. Convierte tu proyecto en realidad con informaci\u00f3n t\u00e9cnica actualizada y fiable.\",\"publisher\":{\"@id\":\"https:\\\/\\\/www.madridlicencias.com\\\/blog\\\/#\\\/schema\\\/person\\\/33c4a38b2dfdf1309dd9a667d142c13c\"},\"potentialAction\":[{\"@type\":\"SearchAction\",\"target\":{\"@type\":\"EntryPoint\",\"urlTemplate\":\"https:\\\/\\\/www.madridlicencias.com\\\/blog\\\/?s={search_term_string}\"},\"query-input\":{\"@type\":\"PropertyValueSpecification\",\"valueRequired\":true,\"valueName\":\"search_term_string\"}}],\"inLanguage\":\"es\"},{\"@type\":[\"Person\",\"Organization\"],\"@id\":\"https:\\\/\\\/www.madridlicencias.com\\\/blog\\\/#\\\/schema\\\/person\\\/33c4a38b2dfdf1309dd9a667d142c13c\",\"name\":\"Gorka Villanueva\",\"image\":{\"@type\":\"ImageObject\",\"inLanguage\":\"es\",\"@id\":\"https:\\\/\\\/secure.gravatar.com\\\/avatar\\\/2b22df0b555528a455bd6d7a4d62706746a36d31559440cca3a43072b34ff7ad?s=96&d=mm&r=g\",\"url\":\"https:\\\/\\\/secure.gravatar.com\\\/avatar\\\/2b22df0b555528a455bd6d7a4d62706746a36d31559440cca3a43072b34ff7ad?s=96&d=mm&r=g\",\"contentUrl\":\"https:\\\/\\\/secure.gravatar.com\\\/avatar\\\/2b22df0b555528a455bd6d7a4d62706746a36d31559440cca3a43072b34ff7ad?s=96&d=mm&r=g\",\"caption\":\"Gorka Villanueva\"},\"logo\":{\"@id\":\"https:\\\/\\\/secure.gravatar.com\\\/avatar\\\/2b22df0b555528a455bd6d7a4d62706746a36d31559440cca3a43072b34ff7ad?s=96&d=mm&r=g\"},\"sameAs\":[\"http:\\\/\\\/www.madridlicencias.com\",\"https:\\\/\\\/www.facebook.com\\\/ArquitectosVillanueva\",\"https:\\\/\\\/www.linkedin.com\\\/in\\\/gorkavilla\\\/\"]},{\"@type\":\"Person\",\"@id\":\"https:\\\/\\\/www.madridlicencias.com\\\/blog\\\/#\\\/schema\\\/person\\\/e61eaf5d743335f3dbf29e2557725502\",\"name\":\"Cristina\",\"image\":{\"@type\":\"ImageObject\",\"inLanguage\":\"es\",\"@id\":\"https:\\\/\\\/secure.gravatar.com\\\/avatar\\\/85f240b930747f70492964b11df06e07040af0a2caa1282d8683db3db6f50471?s=96&d=mm&r=g\",\"url\":\"https:\\\/\\\/secure.gravatar.com\\\/avatar\\\/85f240b930747f70492964b11df06e07040af0a2caa1282d8683db3db6f50471?s=96&d=mm&r=g\",\"contentUrl\":\"https:\\\/\\\/secure.gravatar.com\\\/avatar\\\/85f240b930747f70492964b11df06e07040af0a2caa1282d8683db3db6f50471?s=96&d=mm&r=g\",\"caption\":\"Cristina\"},\"url\":\"https:\\\/\\\/www.madridlicencias.com\\\/blog\\\/author\\\/cristina\\\/\"}]}<\/script>\n<!-- \/ Yoast SEO plugin. -->","yoast_head_json":{"title":"Licencia de Apertura y Actividad de Pasteler\u00eda Cafeter\u00eda - Licencias de Apertura y Actividad","robots":{"index":"index","follow":"follow","max-snippet":"max-snippet:-1","max-image-preview":"max-image-preview:large","max-video-preview":"max-video-preview:-1"},"canonical":"https:\/\/www.madridlicencias.com\/blog\/licencia-de-apertura-y-actividad-de-pasteleria-cafeteria\/","og_locale":"es_ES","og_type":"article","og_title":"Licencia de Apertura y Actividad de Pasteler\u00eda Cafeter\u00eda - Licencias de Apertura y Actividad","og_description":"Vamos a hablar de la nueva licencia de actividad de una\u00a0pasteler\u00eda cafeter\u00eda\u00a0que hemos tramitado, situada en la calle Ventura Rodr\u00edguez, [&hellip;]","og_url":"https:\/\/www.madridlicencias.com\/blog\/licencia-de-apertura-y-actividad-de-pasteleria-cafeteria\/","og_site_name":"Licencias de Apertura y Actividad","article_publisher":"https:\/\/www.facebook.com\/ArquitectosVillanueva","article_published_time":"2023-04-02T11:00:33+00:00","og_image":[{"width":598,"height":598,"url":"https:\/\/www.madridlicencias.com\/blog\/wp-content\/uploads\/Licencia-Apertura-Cafeteria-Pasteleria.png","type":"image\/png"}],"author":"Cristina","twitter_card":"summary_large_image","twitter_creator":"@gorkavillanueva","twitter_site":"@gorkavillanueva","twitter_misc":{"Escrito por":"Cristina","Tiempo de lectura":"7 minutos"},"schema":{"@context":"https:\/\/schema.org","@graph":[{"@type":"Article","@id":"https:\/\/www.madridlicencias.com\/blog\/licencia-de-apertura-y-actividad-de-pasteleria-cafeteria\/#article","isPartOf":{"@id":"https:\/\/www.madridlicencias.com\/blog\/licencia-de-apertura-y-actividad-de-pasteleria-cafeteria\/"},"author":{"name":"Cristina","@id":"https:\/\/www.madridlicencias.com\/blog\/#\/schema\/person\/e61eaf5d743335f3dbf29e2557725502"},"headline":"Licencia de Apertura y Actividad de Pasteler\u00eda Cafeter\u00eda","datePublished":"2023-04-02T11:00:33+00:00","mainEntityOfPage":{"@id":"https:\/\/www.madridlicencias.com\/blog\/licencia-de-apertura-y-actividad-de-pasteleria-cafeteria\/"},"wordCount":1395,"commentCount":1,"publisher":{"@id":"https:\/\/www.madridlicencias.com\/blog\/#\/schema\/person\/33c4a38b2dfdf1309dd9a667d142c13c"},"image":{"@id":"https:\/\/www.madridlicencias.com\/blog\/licencia-de-apertura-y-actividad-de-pasteleria-cafeteria\/#primaryimage"},"thumbnailUrl":"https:\/\/www.madridlicencias.com\/blog\/wp-content\/uploads\/Licencia-Apertura-Cafeteria-Pasteleria.png","keywords":["cafeter\u00eda","Licencia actividad pasteleria","licencia apertura pasteleria cafeter\u00eda","pasteler\u00eda","pasteleria con obrador"],"articleSection":["Apertura"],"inLanguage":"es","potentialAction":[{"@type":"CommentAction","name":"Comment","target":["https:\/\/www.madridlicencias.com\/blog\/licencia-de-apertura-y-actividad-de-pasteleria-cafeteria\/#respond"]}]},{"@type":"WebPage","@id":"https:\/\/www.madridlicencias.com\/blog\/licencia-de-apertura-y-actividad-de-pasteleria-cafeteria\/","url":"https:\/\/www.madridlicencias.com\/blog\/licencia-de-apertura-y-actividad-de-pasteleria-cafeteria\/","name":"Licencia de Apertura y Actividad de Pasteler\u00eda Cafeter\u00eda - Licencias de Apertura y Actividad","isPartOf":{"@id":"https:\/\/www.madridlicencias.com\/blog\/#website"},"primaryImageOfPage":{"@id":"https:\/\/www.madridlicencias.com\/blog\/licencia-de-apertura-y-actividad-de-pasteleria-cafeteria\/#primaryimage"},"image":{"@id":"https:\/\/www.madridlicencias.com\/blog\/licencia-de-apertura-y-actividad-de-pasteleria-cafeteria\/#primaryimage"},"thumbnailUrl":"https:\/\/www.madridlicencias.com\/blog\/wp-content\/uploads\/Licencia-Apertura-Cafeteria-Pasteleria.png","datePublished":"2023-04-02T11:00:33+00:00","breadcrumb":{"@id":"https:\/\/www.madridlicencias.com\/blog\/licencia-de-apertura-y-actividad-de-pasteleria-cafeteria\/#breadcrumb"},"inLanguage":"es","potentialAction":[{"@type":"ReadAction","target":["https:\/\/www.madridlicencias.com\/blog\/licencia-de-apertura-y-actividad-de-pasteleria-cafeteria\/"]}]},{"@type":"ImageObject","inLanguage":"es","@id":"https:\/\/www.madridlicencias.com\/blog\/licencia-de-apertura-y-actividad-de-pasteleria-cafeteria\/#primaryimage","url":"https:\/\/www.madridlicencias.com\/blog\/wp-content\/uploads\/Licencia-Apertura-Cafeteria-Pasteleria.png","contentUrl":"https:\/\/www.madridlicencias.com\/blog\/wp-content\/uploads\/Licencia-Apertura-Cafeteria-Pasteleria.png","width":598,"height":598},{"@type":"BreadcrumbList","@id":"https:\/\/www.madridlicencias.com\/blog\/licencia-de-apertura-y-actividad-de-pasteleria-cafeteria\/#breadcrumb","itemListElement":[{"@type":"ListItem","position":1,"name":"Portada","item":"https:\/\/www.madridlicencias.com\/blog\/"},{"@type":"ListItem","position":2,"name":"Licencia de Apertura y Actividad de Pasteler\u00eda Cafeter\u00eda"}]},{"@type":"WebSite","@id":"https:\/\/www.madridlicencias.com\/blog\/#website","url":"https:\/\/www.madridlicencias.com\/blog\/","name":"Licencias de Apertura y Actividad","description":"Especializados en la tramitaci\u00f3n de licencias de actividad, licencias de apertura y declaraciones responsables. Resolvemos todas tus dudas sobre c\u00f3mo obtener tu licencia de funcionamiento y gestionar los tr\u00e1mites con el Ayuntamiento. Somos expertos en la gesti\u00f3n de aperturas de negocios. Este espacio est\u00e1 dise\u00f1ado para guiarte en el complejo mundo de las licencias de actividad y la burocracia urban\u00edstica. Aqu\u00ed encontrar\u00e1s an\u00e1lisis de normativa, gu\u00edas de procedimiento y ejemplos pr\u00e1cticos para tu negocio o local. Convierte tu proyecto en realidad con informaci\u00f3n t\u00e9cnica actualizada y fiable.","publisher":{"@id":"https:\/\/www.madridlicencias.com\/blog\/#\/schema\/person\/33c4a38b2dfdf1309dd9a667d142c13c"},"potentialAction":[{"@type":"SearchAction","target":{"@type":"EntryPoint","urlTemplate":"https:\/\/www.madridlicencias.com\/blog\/?s={search_term_string}"},"query-input":{"@type":"PropertyValueSpecification","valueRequired":true,"valueName":"search_term_string"}}],"inLanguage":"es"},{"@type":["Person","Organization"],"@id":"https:\/\/www.madridlicencias.com\/blog\/#\/schema\/person\/33c4a38b2dfdf1309dd9a667d142c13c","name":"Gorka Villanueva","image":{"@type":"ImageObject","inLanguage":"es","@id":"https:\/\/secure.gravatar.com\/avatar\/2b22df0b555528a455bd6d7a4d62706746a36d31559440cca3a43072b34ff7ad?s=96&d=mm&r=g","url":"https:\/\/secure.gravatar.com\/avatar\/2b22df0b555528a455bd6d7a4d62706746a36d31559440cca3a43072b34ff7ad?s=96&d=mm&r=g","contentUrl":"https:\/\/secure.gravatar.com\/avatar\/2b22df0b555528a455bd6d7a4d62706746a36d31559440cca3a43072b34ff7ad?s=96&d=mm&r=g","caption":"Gorka Villanueva"},"logo":{"@id":"https:\/\/secure.gravatar.com\/avatar\/2b22df0b555528a455bd6d7a4d62706746a36d31559440cca3a43072b34ff7ad?s=96&d=mm&r=g"},"sameAs":["http:\/\/www.madridlicencias.com","https:\/\/www.facebook.com\/ArquitectosVillanueva","https:\/\/www.linkedin.com\/in\/gorkavilla\/"]},{"@type":"Person","@id":"https:\/\/www.madridlicencias.com\/blog\/#\/schema\/person\/e61eaf5d743335f3dbf29e2557725502","name":"Cristina","image":{"@type":"ImageObject","inLanguage":"es","@id":"https:\/\/secure.gravatar.com\/avatar\/85f240b930747f70492964b11df06e07040af0a2caa1282d8683db3db6f50471?s=96&d=mm&r=g","url":"https:\/\/secure.gravatar.com\/avatar\/85f240b930747f70492964b11df06e07040af0a2caa1282d8683db3db6f50471?s=96&d=mm&r=g","contentUrl":"https:\/\/secure.gravatar.com\/avatar\/85f240b930747f70492964b11df06e07040af0a2caa1282d8683db3db6f50471?s=96&d=mm&r=g","caption":"Cristina"},"url":"https:\/\/www.madridlicencias.com\/blog\/author\/cristina\/"}]}},"_links":{"self":[{"href":"https:\/\/www.madridlicencias.com\/blog\/wp-json\/wp\/v2\/posts\/2626","targetHints":{"allow":["GET"]}}],"collection":[{"href":"https:\/\/www.madridlicencias.com\/blog\/wp-json\/wp\/v2\/posts"}],"about":[{"href":"https:\/\/www.madridlicencias.com\/blog\/wp-json\/wp\/v2\/types\/post"}],"author":[{"embeddable":true,"href":"https:\/\/www.madridlicencias.com\/blog\/wp-json\/wp\/v2\/users\/1141"}],"replies":[{"embeddable":true,"href":"https:\/\/www.madridlicencias.com\/blog\/wp-json\/wp\/v2\/comments?post=2626"}],"version-history":[{"count":4,"href":"https:\/\/www.madridlicencias.com\/blog\/wp-json\/wp\/v2\/posts\/2626\/revisions"}],"predecessor-version":[{"id":2641,"href":"https:\/\/www.madridlicencias.com\/blog\/wp-json\/wp\/v2\/posts\/2626\/revisions\/2641"}],"wp:featuredmedia":[{"embeddable":true,"href":"https:\/\/www.madridlicencias.com\/blog\/wp-json\/wp\/v2\/media\/2637"}],"wp:attachment":[{"href":"https:\/\/www.madridlicencias.com\/blog\/wp-json\/wp\/v2\/media?parent=2626"}],"wp:term":[{"taxonomy":"category","embeddable":true,"href":"https:\/\/www.madridlicencias.com\/blog\/wp-json\/wp\/v2\/categories?post=2626"},{"taxonomy":"post_tag","embeddable":true,"href":"https:\/\/www.madridlicencias.com\/blog\/wp-json\/wp\/v2\/tags?post=2626"}],"curies":[{"name":"wp","href":"https:\/\/api.w.org\/{rel}","templated":true}]}}