{"id":4412,"date":"2025-07-25T13:39:27","date_gmt":"2025-07-25T11:39:27","guid":{"rendered":"https:\/\/www.madridlicencias.com\/blog\/?p=4412"},"modified":"2025-07-25T16:10:58","modified_gmt":"2025-07-25T14:10:58","slug":"como-capitalizar-el-paro-para-iniciar-tu-negocio","status":"publish","type":"post","link":"https:\/\/www.madridlicencias.com\/blog\/como-capitalizar-el-paro-para-iniciar-tu-negocio\/","title":{"rendered":"C\u00f3mo Capitalizar el Paro para iniciar tu negocio"},"content":{"rendered":"\n<p><strong>\u00bfSue\u00f1as con emprender en Madrid pero te frena la inversi\u00f3n inicial? La capitalizaci\u00f3n del paro, o pago \u00fanico, es una herramienta poderosa que puede dar el impulso definitivo a tu proyecto. En esta gu\u00eda te explicamos de forma clara y directa c\u00f3mo funciona, qu\u00e9 requisitos debes cumplir, los plazos a tener en cuenta y c\u00f3mo puedes solicitarla en la Comunidad de Madrid.<\/strong><\/p>\n\n\n\n<p>Para muchos emprendedores, la falta de financiaci\u00f3n es el primer gran obst\u00e1culo en el camino hacia la creaci\u00f3n de su propio negocio. Afortunadamente, si te encuentras en situaci\u00f3n de desempleo y tienes derecho a una prestaci\u00f3n contributiva, el Servicio P\u00fablico de Empleo Estatal (SEPE) te ofrece la posibilidad de recibir en un solo pago (o en modalidades mixtas) el importe pendiente de tu prestaci\u00f3n para que lo inviertas en tu nueva actividad como aut\u00f3nomo o en la creaci\u00f3n de una sociedad.<\/p>\n\n\n\n<figure class=\"wp-block-image size-full\"><a href=\"https:\/\/www.madridlicencias.com\/blog\/wp-content\/uploads\/Como-Capitalizar-el-Paro-para-iniciar-tu-negocio.png\"><img loading=\"lazy\" decoding=\"async\" width=\"1024\" height=\"559\" src=\"https:\/\/www.madridlicencias.com\/blog\/wp-content\/uploads\/Como-Capitalizar-el-Paro-para-iniciar-tu-negocio.png\" alt=\"\" class=\"wp-image-4416\" srcset=\"https:\/\/www.madridlicencias.com\/blog\/wp-content\/uploads\/Como-Capitalizar-el-Paro-para-iniciar-tu-negocio.png 1024w, https:\/\/www.madridlicencias.com\/blog\/wp-content\/uploads\/Como-Capitalizar-el-Paro-para-iniciar-tu-negocio-300x164.png 300w, https:\/\/www.madridlicencias.com\/blog\/wp-content\/uploads\/Como-Capitalizar-el-Paro-para-iniciar-tu-negocio-768x419.png 768w, https:\/\/www.madridlicencias.com\/blog\/wp-content\/uploads\/Como-Capitalizar-el-Paro-para-iniciar-tu-negocio-640x349.png 640w\" sizes=\"auto, (max-width: 1024px) 100vw, 1024px\" \/><\/a><\/figure>\n\n\n\n<p><strong>\u00bfQu\u00e9 es Exactamente la Capitalizaci\u00f3n del Paro?<\/strong> <\/p>\n\n\n\n<p>Desmitificar el concepto de \u00abpago \u00fanico\u00bb es el primer paso. Se trata de una medida que permite a los beneficiarios de la prestaci\u00f3n por desempleo de nivel contributivo recibir el valor actual del importe que les queda por percibir, ya sea en un solo pago o a trav\u00e9s de modalidades mixtas. El objetivo es claro: facilitar la inversi\u00f3n necesaria para iniciar una actividad como trabajador por cuenta propia o para incorporarse en calidad de socio trabajador a una cooperativa, sociedad laboral o mercantil.<\/p>\n\n\n\n<h3 class=\"wp-block-heading\">\u00bfQui\u00e9n Puede Solicitar la Capitalizaci\u00f3n del Paro en Madrid?<\/h3>\n\n\n\n<p>Para poder beneficiarte de esta medida en Madrid, debes cumplir una serie de requisitos establecidos a nivel nacional por el SEPE:<\/p>\n\n\n\n<ul class=\"wp-block-list\">\n<li><strong>Ser beneficiario de una prestaci\u00f3n contributiva por desempleo<\/strong> por cese total y definitivo de una relaci\u00f3n laboral.<\/li>\n\n\n\n<li>Tener <strong>pendiente de recibir al menos tres mensualidades<\/strong> de la prestaci\u00f3n en la fecha de la solicitud. Para los trabajadores aut\u00f3nomos que solicitan la capitalizaci\u00f3n de la prestaci\u00f3n por cese de actividad, este requisito se eleva a un m\u00ednimo de seis meses pendientes.<\/li>\n\n\n\n<li><strong>No haber obtenido el pago \u00fanico<\/strong> en los cuatro a\u00f1os inmediatamente anteriores.<\/li>\n\n\n\n<li><strong>Iniciar la actividad<\/strong> en el plazo m\u00e1ximo de un mes desde la resoluci\u00f3n que conceda el pago \u00fanico.<\/li>\n\n\n\n<li>No haber compatibilizado el trabajo por cuenta propia con la prestaci\u00f3n por desempleo en los 24 meses anteriores a la solicitud.<\/li>\n\n\n\n<li>Si has impugnado el cese de la relaci\u00f3n laboral, la solicitud deber\u00e1 ser posterior a la resoluci\u00f3n del procedimiento.<\/li>\n<\/ul>\n\n\n\n<p><strong>Situaciones de Exclusi\u00f3n Clave<\/strong><\/p>\n\n\n\n<p>Es igualmente importante conocer las situaciones que impiden el acceso a la capitalizaci\u00f3n:<\/p>\n\n\n\n<ul class=\"wp-block-list\">\n<li>No es aplicable a beneficiarios de prestaciones derivadas de un <strong>Expediente de Regulaci\u00f3n Temporal de Empleo (ERTE)<\/strong>, ya sea de suspensi\u00f3n de contrato o de reducci\u00f3n de jornada. La raz\u00f3n es que en un ERTE no se produce un \u00abcese definitivo\u00bb de la relaci\u00f3n laboral, sino una suspensi\u00f3n temporal. El mecanismo est\u00e1 dise\u00f1ado como un trampol\u00edn hacia el autoempleo para quienes han perdido su puesto de trabajo de forma permanente, no como una opci\u00f3n de financiaci\u00f3n para quienes tienen una expectativa de reincorporaci\u00f3n.<\/li>\n\n\n\n<li>Tampoco es accesible para <strong>trabajadores fijos discontinuos<\/strong> durante sus periodos de inactividad, ya que su v\u00ednculo laboral con la empresa se mantiene.<\/li>\n\n\n\n<li>No podr\u00e1n solicitarlo quienes en los <strong>24 meses anteriores<\/strong> hayan compatibilizado el cobro de la prestaci\u00f3n por desempleo con un trabajo por cuenta propia.<\/li>\n\n\n\n<li>Se excluyen los proyectos cuyo fin sea constituirse como <strong>Trabajador Aut\u00f3nomo Econ\u00f3micamente Dependiente (TRADE)<\/strong> si el contrato se va a firmar con la empresa para la que se trabaj\u00f3 anteriormente o con otra del mismo grupo empresarial.<\/li>\n<\/ul>\n\n\n\n<h3 class=\"wp-block-heading\">\u00bfCu\u00e1nto Puedes Solicitar y en Qu\u00e9 Modalidades?<\/h3>\n\n\n\n<p>Una de las grandes ventajas de la capitalizaci\u00f3n es su flexibilidad. El SEPE ofrece tres modalidades para recibir los fondos, permitiendo al emprendedor adaptar la ayuda a las necesidades espec\u00edficas de su plan de negocio.<\/p>\n\n\n\n<ol class=\"wp-block-list\">\n<li><strong>Pago \u00fanico del 100%:<\/strong> Puedes solicitar la totalidad de tu prestaci\u00f3n pendiente de percibir para destinarla a la inversi\u00f3n inicial de tu negocio. Esto incluye gastos como la compra de mobiliario, equipos inform\u00e1ticos, el traspaso de un local o la adquisici\u00f3n de stock. <em>Es fundamental aclarar que, si bien algunas gu\u00edas antiguas del SEPE todav\u00eda mencionan un l\u00edmite del 60% para la inversi\u00f3n de los aut\u00f3nomos, la legislaci\u00f3n actual, impulsada por la Ley de Fomento del Trabajo Aut\u00f3nomo, <strong>elev\u00f3 este l\u00edmite al 100%<\/strong>. Este cambio no es un detalle menor; es una modificaci\u00f3n sustancial que ha transformado el pago \u00fanico en una herramienta de financiaci\u00f3n inicial mucho m\u00e1s potente, permitiendo abordar proyectos m\u00e1s ambiciosos y reduciendo la dependencia de la financiaci\u00f3n externa en la cr\u00edtica fase de arranque.<\/em><\/li>\n\n\n\n<li><strong>Pago para cubrir las cuotas de la Seguridad Social:<\/strong> Si no necesitas una gran inversi\u00f3n inicial, puedes destinar el total de tu prestaci\u00f3n a subvencionar tus cuotas mensuales como aut\u00f3nomo. <em>Esta alternativa consiste en destinar la totalidad del importe de la prestaci\u00f3n pendiente a subvencionar mes a mes el pago de las cuotas al R\u00e9gimen Especial de Trabajadores Aut\u00f3nomos (RETA) o al r\u00e9gimen de la Seguridad Social que corresponda. Es importante destacar que el SEPE no paga la cuota directamente, sino que realiza un abono mensual al beneficiario una vez que este ha satisfecho su cotizaci\u00f3n a la Seguridad Social. Esta modalidad es ideal para profesionales freelance, consultores o negocios de servicios con una inversi\u00f3n inicial muy baja o nula, donde el principal coste fijo mensual son las cotizaciones sociales.<\/em><\/li>\n\n\n\n<li><strong>Modalidad mixta:<\/strong> Una combinaci\u00f3n de las dos anteriores. Puedes solicitar una parte para la inversi\u00f3n inicial y el resto para el pago de las cuotas de la Seguridad Social. <em>El emprendedor puede solicitar una parte de la prestaci\u00f3n como pago \u00fanico para cubrir una inversi\u00f3n inicial y, al mismo tiempo, destinar el importe restante a la subvenci\u00f3n mensual de sus cuotas a la Seguridad Social. Esta opci\u00f3n es perfecta para proyectos con necesidades de inversi\u00f3n moderadas que tambi\u00e9n desean aliviar la carga de los costes fijos durante los primeros meses de actividad.<\/em><\/li>\n<\/ol>\n\n\n\n<p>Adem\u00e1s, puedes destinar hasta un 15% del importe capitalizado al pago de servicios de asesoramiento, formaci\u00f3n e informaci\u00f3n relacionados con tu actividad emprendedora.<\/p>\n\n\n\n<p><strong>Importante:<\/strong> para recibir la capitalizaci\u00f3n debes usar el dinero solo en gastos del negocio (equipamiento, alquiler, marketing, etc.) o en cotizaciones; no es un ingreso personal. Adem\u00e1s, la prestaci\u00f3n en pago \u00fanico est\u00e1 exenta de IRPF siempre que se destine a la iniciativa empresarial y se mantenga la actividad 5 a\u00f1os.<\/p>\n\n\n\n<!--more-->\n\n\n\n<figure class=\"wp-block-image size-full\"><a href=\"https:\/\/www.madridlicencias.com\/blog\/wp-content\/uploads\/Capitalizar-el-Paro-para-iniciar-tu-negocio.png\"><img loading=\"lazy\" decoding=\"async\" width=\"1024\" height=\"559\" src=\"https:\/\/www.madridlicencias.com\/blog\/wp-content\/uploads\/Capitalizar-el-Paro-para-iniciar-tu-negocio.png\" alt=\"\" class=\"wp-image-4417\" srcset=\"https:\/\/www.madridlicencias.com\/blog\/wp-content\/uploads\/Capitalizar-el-Paro-para-iniciar-tu-negocio.png 1024w, https:\/\/www.madridlicencias.com\/blog\/wp-content\/uploads\/Capitalizar-el-Paro-para-iniciar-tu-negocio-300x164.png 300w, https:\/\/www.madridlicencias.com\/blog\/wp-content\/uploads\/Capitalizar-el-Paro-para-iniciar-tu-negocio-768x419.png 768w, https:\/\/www.madridlicencias.com\/blog\/wp-content\/uploads\/Capitalizar-el-Paro-para-iniciar-tu-negocio-640x349.png 640w\" sizes=\"auto, (max-width: 1024px) 100vw, 1024px\" \/><\/a><\/figure>\n\n\n\n<p><strong>Requisitos para solicitar la Capitalizaci\u00f3n<\/strong><\/p>\n\n\n\n<p>Para acceder al pago \u00fanico debes cumplir varios requisitos generales:<\/p>\n\n\n\n<ul class=\"wp-block-list\">\n<li><strong>Estar en paro:<\/strong> ser beneficiario de la prestaci\u00f3n contributiva por desempleo. Es decir, ya debes haber abierto y reconocido tu derecho al paro antes de solicitar la capitalizaci\u00f3n.<\/li>\n\n\n\n<li><strong>Prestaciones pendientes:<\/strong> tener al menos 3 mensualidades de paro sin cobrar. Si te quedan menos de tres meses de prestaci\u00f3n, no podr\u00e1s optar al pago \u00fanico.<\/li>\n\n\n\n<li><strong>Tiempo sin capitalizar:<\/strong> no haber usado el pago \u00fanico en los <strong>4 a\u00f1os<\/strong> anteriores.<\/li>\n\n\n\n<li><strong>Sin alta previa:<\/strong> no haber iniciado tu actividad como aut\u00f3nomo antes de pedir el pago \u00fanico. La solicitud debe hacerse <strong>antes<\/strong> de empezar el negocio.<\/li>\n\n\n\n<li><strong>No compatibilizar:<\/strong> no haber compatibilizado la prestaci\u00f3n por desempleo con ser aut\u00f3nomo en los \u00faltimos 24 meses. Si estuviste como aut\u00f3nomo cobrando paro recientemente, no puedes pedir el pago \u00fanico.<\/li>\n<\/ul>\n\n\n\n<p>En resumen, debes estar cobrando paro normal, sin haber iniciado el proyecto, y planear ponerte al d\u00eda como aut\u00f3nomo <strong>tras<\/strong> la solicitud. Adem\u00e1s, existen requisitos espec\u00edficos seg\u00fan la modalidad (por ejemplo, al aportar a una sociedad, \u00e9sta debe ser nueva o creada en el \u00faltimo a\u00f1o y debes tener el control efectivo).<\/p>\n\n\n\n<h3 class=\"wp-block-heading\">Pasos para Solicitar la Capitalizaci\u00f3n del Paro en Madrid<\/h3>\n\n\n\n<p>El proceso de solicitud debe realizarse siempre <strong>antes de iniciar la actividad<\/strong> y darte de alta como aut\u00f3nomo. Los pasos a seguir son los siguientes:<\/p>\n\n\n\n<ol class=\"wp-block-list\">\n<li><strong>Elabora una memoria explicativa del proyecto:<\/strong> Este es un documento fundamental en el que detallar\u00e1s tu idea de negocio, el plan de viabilidad, la inversi\u00f3n necesaria y a qu\u00e9 vas a destinar el dinero solicitado. El SEPE exige una \u201cmemoria explicativa\u201d del proyecto donde justifiques la inversi\u00f3n (presupuesto de maquinaria, alquiler, etc.). Prepara tambi\u00e9n el formulario oficial de <em>\u201cSolicitud de Pago \u00danico\u201d<\/em> (el SEPE lo tiene disponible) y otros documentos de identidad.<\/li>\n\n\n\n<li><strong>Presenta la solicitud en el SEPE:<\/strong> Puedes hacerlo de forma telem\u00e1tica a trav\u00e9s de la <a href=\"https:\/\/www.google.com\/url?sa=E&amp;q=https%3A%2F%2Fsede.sepe.gob.es%2FportalSede%2Fprocedimientos-y-servicios%2Fpersonas%2Fdesempleo%2Fpago-unico-de-la-prestacion-contributiva\" target=\"_blank\" rel=\"noreferrer noopener\">Sede Electr\u00f3nica del SEPE<\/a>, en tu oficina de prestaciones con cita previa, o en cualquier oficina de registro p\u00fablico. Si vas presencialmente, pide cita previa en la oficina de prestaciones de desempleo que te corresponde (hay varias oficinas en Madrid). Para ello puedes usar el tel\u00e9fono del SEPE o su sede electr\u00f3nica. Desde el 2023 se recomienda tramitarlo por la <a href=\"https:\/\/sede.sepe.gob.es\">sede electr\u00f3nica del SEPE<\/a> o en persona con cita.<\/li>\n\n\n\n<li><strong>Documentaci\u00f3n necesaria:<\/strong> Deber\u00e1s adjuntar el impreso de solicitud oficial, tu DNI o NIE, y la memoria del proyecto. Dependiendo de si te constituyes como aut\u00f3nomo o como socio de una mercantil, se te podr\u00eda requerir documentaci\u00f3n adicional.<\/li>\n\n\n\n<li><strong>Esperar resoluci\u00f3n.<\/strong> Tras entregar la documentaci\u00f3n completa, el SEPE suele tardar hasta 15 d\u00edas en resolver. Si es favorable, se te ingresar\u00e1 el pago \u00fanico en tu cuenta (normalmente el d\u00eda 10 del mes siguiente tras la resoluci\u00f3n).<\/li>\n\n\n\n<li><strong>Inicio de la actividad.<\/strong> Cuando te aprueben el pago \u00fanico, debes iniciar tu negocio. El Ayuntamiento de Madrid enfatiza que la solicitud <em>\u201cdeber\u00e1 ser, en todo caso, de fecha anterior al inicio de la actividad\u201d<\/em>. Adem\u00e1s, tras recibir el dinero, tienes un mes para invertirlo y empezar a trabajar. No olvides darte de alta en el R\u00e9gimen de Aut\u00f3nomos en ese plazo y guardar los justificantes.<\/li>\n<\/ol>\n\n\n\n<p>Una vez aprobada, recibir\u00e1s la resoluci\u00f3n y, posteriormente, el ingreso. Es fundamental que justifiques cada uno de los gastos realizados con el dinero de la capitalizaci\u00f3n mediante facturas, ya que la Inspecci\u00f3n de Trabajo realiza comprobaciones para verificar el correcto uso de estos fondos.<\/p>\n\n\n\n<p><strong>Consejo:<\/strong> aprovecha este proceso para asesorarte. Madrid Emprende y oficinas de atenci\u00f3n al emprendedor ofrecen orientaci\u00f3n gratuita. Ellos pueden ayudarte a redactar la memoria y revisar los tr\u00e1mites. Tambi\u00e9n es buena idea presentar la solicitud antes de acometer cualquier gasto, porque si inicias la actividad antes de pedir el pago \u00fanico, perder\u00e1s el derecho.<\/p>\n\n\n\n<h3 class=\"wp-block-heading\">Plazos: \u00a1Que no se te Pase ni Uno!<\/h3>\n\n\n\n<ul class=\"wp-block-list\">\n<li><strong>Solicitud:<\/strong> Siempre antes de iniciar la actividad.<\/li>\n\n\n\n<li><strong>Inicio de la actividad:<\/strong> Tienes un mes desde la fecha de la resoluci\u00f3n favorable para darte de alta como aut\u00f3nomo.<\/li>\n\n\n\n<li><strong>Justificaci\u00f3n de la inversi\u00f3n:<\/strong> Deber\u00e1s justificar los gastos realizados en el plazo que te indique el SEPE.<\/li>\n\n\n\n<li><strong>Mantenimiento de la actividad:<\/strong> Para beneficiarte de la exenci\u00f3n del IRPF sobre la prestaci\u00f3n capitalizada, debes mantener la actividad durante un m\u00ednimo de cinco a\u00f1os.<\/li>\n<\/ul>\n\n\n\n<p><strong>L\u00edmites de capitalizaci\u00f3n y uso del dinero<\/strong><\/p>\n\n\n\n<ul class=\"wp-block-list\">\n<li><strong>Porcentaje del paro:<\/strong> Puedes cobrar hasta el <em>100%<\/em> de la prestaci\u00f3n pendiente. Es decir, si te quedan 10.000 \u20ac de paro por recibir, podr\u00edas solicitar los 10.000 \u20ac en un pago \u00fanico.<\/li>\n\n\n\n<li><strong>Destino del dinero:<\/strong> Debes destinarlo a la <strong>inversi\u00f3n inicial del negocio<\/strong> (por ejemplo, compra de materiales, maquinaria, equipos inform\u00e1ticos, reforma de local, marketing inicial, etc.) o al pago de tus cuotas de aut\u00f3nomo. No puede usarse para gastos personales.<\/li>\n\n\n\n<li><strong>15% para asesor\u00eda:<\/strong> El 15% del monto recibido puede dedicarse a gastos asociados (asesor\u00eda, formaci\u00f3n especializada o cursos relacionados). Por ejemplo, si recibes 10.000 \u20ac, podr\u00edas gastar hasta 1.500 \u20ac en cursos o consultor\u00eda para emprender.<\/li>\n\n\n\n<li><strong>Exenci\u00f3n fiscal:<\/strong> El pago \u00fanico est\u00e1 exento de IRPF si usas el dinero para crear empleo (mantener la actividad al menos 5 a\u00f1os). Esto significa que, fiscalmente, ese ingreso no se considera ganancia personal siempre que cumplas las condiciones (por ejemplo, no abandonarlo antes de 5 a\u00f1os).<\/li>\n<\/ul>\n\n\n\n<figure class=\"wp-block-image size-full\"><a href=\"https:\/\/www.madridlicencias.com\/blog\/wp-content\/uploads\/Guia-de-como-Capitalizar-el-Paro.png\"><img loading=\"lazy\" decoding=\"async\" width=\"1024\" height=\"559\" src=\"https:\/\/www.madridlicencias.com\/blog\/wp-content\/uploads\/Guia-de-como-Capitalizar-el-Paro.png\" alt=\"\" class=\"wp-image-4414\" srcset=\"https:\/\/www.madridlicencias.com\/blog\/wp-content\/uploads\/Guia-de-como-Capitalizar-el-Paro.png 1024w, https:\/\/www.madridlicencias.com\/blog\/wp-content\/uploads\/Guia-de-como-Capitalizar-el-Paro-300x164.png 300w, https:\/\/www.madridlicencias.com\/blog\/wp-content\/uploads\/Guia-de-como-Capitalizar-el-Paro-768x419.png 768w, https:\/\/www.madridlicencias.com\/blog\/wp-content\/uploads\/Guia-de-como-Capitalizar-el-Paro-640x349.png 640w\" sizes=\"auto, (max-width: 1024px) 100vw, 1024px\" \/><\/a><\/figure>\n\n\n\n<p><strong>La \u00abMemoria Explicativa\u00bb: El Coraz\u00f3n de tu Solicitud<\/strong><\/p>\n\n\n\n<p>Lejos de ser un mero tr\u00e1mite, la memoria es el plan de negocio que se presenta al SEPE para convencerle de la viabilidad y seriedad del proyecto. Debe ser coherente, detallada y realista. Su estructura m\u00ednima debe contener los siguientes apartados:<\/p>\n\n\n\n<ol start=\"1\" class=\"wp-block-list\">\n<li><strong>Datos del Solicitante:<\/strong> Nombre completo, DNI\/NIE y una breve descripci\u00f3n de la experiencia profesional relacionada con la actividad a emprender.<\/li>\n\n\n\n<li><strong>Datos del Proyecto:<\/strong> Nombre comercial, forma jur\u00eddica (aut\u00f3nomo, sociedad, etc.), descripci\u00f3n pormenorizada de la actividad, productos o servicios, ubicaci\u00f3n y fecha prevista de inicio (que debe ser posterior a la fecha de la solicitud).<\/li>\n\n\n\n<li><strong>Inversi\u00f3n y Financiaci\u00f3n:<\/strong>\n<ul class=\"wp-block-list\">\n<li><strong>Detalle de la Inversi\u00f3n:<\/strong> Un listado exhaustivo de todos los gastos necesarios para la puesta en marcha, <strong>desglosados sin incluir el IVA<\/strong>. Esto abarca desde activos fijos (maquinaria, equipos) y circulantes (stock) hasta gastos de constituci\u00f3n (notar\u00eda, registro) o derechos de traspaso. Es muy recomendable adjuntar presupuestos o facturas proforma que respalden estas cifras.<\/li>\n\n\n\n<li><strong>Plan de Financiaci\u00f3n:<\/strong> Un cuadro que muestre c\u00f3mo se va a cubrir el 100% de la inversi\u00f3n detallada, especificando qu\u00e9 parte corresponde a capital propio, qu\u00e9 parte a financiaci\u00f3n externa (pr\u00e9stamos) y, finalmente, el importe que se solicita capitalizar del SEPE.<\/li>\n<\/ul>\n<\/li>\n\n\n\n<li><strong>Datos del Local:<\/strong> Si el negocio requiere un espacio f\u00edsico, se debe indicar su direcci\u00f3n, si es en propiedad o alquiler, y los costes asociados (compra, fianza, alquiler mensual).<\/li>\n\n\n\n<li><strong>Previsiones Econ\u00f3micas:<\/strong> Una proyecci\u00f3n b\u00e1sica de ingresos, gastos y rendimientos esperados para los primeros ejercicios de actividad.<\/li>\n\n\n\n<li><strong>Previsi\u00f3n de Creaci\u00f3n de Empleo:<\/strong> Si se planea contratar personal, se debe indicar.<\/li>\n<\/ol>\n\n\n\n<p><strong>Obligaciones y Responsabilidades del Emprendedor: Qu\u00e9 Hacer una Vez Recibido el Pago \u00danico<\/strong><\/p>\n\n\n\n<p>La concesi\u00f3n del pago \u00fanico no es el final del camino, sino el comienzo de una serie de responsabilidades que el emprendedor debe cumplir rigurosamente para evitar la reclamaci\u00f3n de las cantidades percibidas.<\/p>\n\n\n\n<p><strong>Puesta en Marcha y Justificaci\u00f3n Rigurosa<\/strong><\/p>\n\n\n\n<p>Las obligaciones inmediatas son claras y de obligado cumplimiento:<\/p>\n\n\n\n<ul class=\"wp-block-list\">\n<li><strong>Iniciar la actividad<\/strong> en el plazo m\u00e1ximo de un mes desde la notificaci\u00f3n de la resoluci\u00f3n de concesi\u00f3n.<\/li>\n\n\n\n<li><strong>Destinar la cantidad recibida exclusivamente<\/strong> a la finalidad que se detall\u00f3 y fue aprobada en la memoria del proyecto. No es admisible, por ejemplo, mantener una parte del dinero en la cuenta bancaria para cubrir \u00abnecesidades futuras\u00bb no especificadas en la inversi\u00f3n inicial.<\/li>\n\n\n\n<li><strong>Presentar al SEPE la documentaci\u00f3n<\/strong> que acredite tanto el inicio de la actividad (alta en el RETA, contrato de constituci\u00f3n de sociedad, etc.) como la justificaci\u00f3n de la inversi\u00f3n. Esto implica aportar las facturas, contratos de traspaso, escrituras de compraventa o cualquier otro documento que respalde los gastos.<\/li>\n\n\n\n<li>Las facturas deben estar <strong>emitidas a nombre del beneficiario<\/strong> de la prestaci\u00f3n. Los pagos deben ser <strong>trazables<\/strong>, por lo que es imperativo realizarlos mediante transferencia bancaria, tarjeta de d\u00e9bito\/cr\u00e9dito o ingreso en la cuenta del proveedor. Los pagos en efectivo pueden no ser admitidos.<\/li>\n\n\n\n<li>Un detalle crucial es que la inversi\u00f3n se justifica por su <strong>base imponible, siempre excluyendo el IVA<\/strong>. El SEPE no subvenciona este impuesto, ya que se considera que los aut\u00f3nomos y empresas pueden deduc\u00edrselo en sus declaraciones trimestrales.<\/li>\n<\/ul>\n\n\n\n<h3 class=\"wp-block-heading\">Ayudas Compatibles en la Comunidad de Madrid: La \u00abTarifa Cero\u00bb<\/h3>\n\n\n\n<p>Una de las grandes ventajas de emprender en Madrid es la existencia de ayudas compatibles con la capitalizaci\u00f3n del paro. La m\u00e1s destacada es la <strong>\u00abTarifa Cero\u00bb<\/strong> para nuevos aut\u00f3nomos. Esta medida te permite solicitar el reembolso de las cuotas de aut\u00f3nomos que hayas pagado durante tus dos primeros a\u00f1os de actividad.<\/p>\n\n\n\n<p>Para acceder a ella, debes haber sido beneficiario de la tarifa plana estatal de 80 euros. La solicitud de la \u00abTarifa Cero\u00bb se realiza de forma telem\u00e1tica a trav\u00e9s del <a target=\"_blank\" href=\"https:\/\/www.google.com\/url?sa=E&amp;q=https%3A%2F%2Fwww.comunidad.madrid%2Fservicios%2Fempleo%2Fayudas-tarifa-cero-autonomos\" rel=\"noreferrer noopener\">portal de la Comunidad de Madrid<\/a>.<\/p>\n\n\n\n<h3 class=\"wp-block-heading\">Enlaces de Inter\u00e9s:<\/h3>\n\n\n\n<ul class=\"wp-block-list\">\n<li><strong>Servicio P\u00fablico de Empleo Estatal (SEPE) &#8211; Capitaliza tu prestaci\u00f3n:<\/strong> <a href=\"https:\/\/www.google.com\/url?sa=E&amp;q=https%3A%2F%2Fsede.sepe.gob.es%2FportalSede%2Fprocedimientos-y-servicios%2Fpersonas%2Fdesempleo%2Fpago-unico-de-la-prestacion-contributiva\" target=\"_blank\" rel=\"noreferrer noopener\">https:\/\/sede.sepe.gob.es\/portalSede\/procedimientos-y-servicios\/personas\/desempleo\/pago-unico-de-la-prestacion-contributiva<\/a><\/li>\n\n\n\n<li><strong>Comunidad de Madrid &#8211; Ayudas a aut\u00f3nomos, emprendedores y econom\u00eda social:<\/strong> <a href=\"https:\/\/www.google.com\/url?sa=E&amp;q=https%3A%2F%2Fwww.comunidad.madrid%2Fservicios%2Fempleo%2Fautonomos-pymes-emprendedores\" target=\"_blank\" rel=\"noreferrer noopener\">https:\/\/www.comunidad.madrid\/servicios\/empleo\/autonomos-pymes-emprendedores<\/a><\/li>\n\n\n\n<li><strong>Comunidad de Madrid &#8211; Tarifa Cero para aut\u00f3nomos:<\/strong> <a href=\"https:\/\/www.google.com\/url?sa=E&amp;q=https%3A%2F%2Fwww.comunidad.madrid%2Fservicios%2Fempleo%2Fayudas-tarifa-cero-autonomos\" target=\"_blank\" rel=\"noreferrer noopener\">https:\/\/www.comunidad.madrid\/servicios\/empleo\/ayudas-tarifa-cero-autonomos<\/a><\/li>\n<\/ul>\n\n\n\n<p>Emprender en Madrid es un reto apasionante y la capitalizaci\u00f3n del paro puede ser el empuj\u00f3n que necesitas para empezar. Inf\u00f3rmate bien, planifica tu proyecto con detalle y aprovecha todas las herramientas y ayudas que tienes a tu alcance. \u00a1Mucha suerte en tu aventura emprendedora<\/p>\n\n\n\n<p>Contacte con nosotros para la realizaci\u00f3n del <a href=\"https:\/\/www.madridlicencias.com\/blog\/presupuesto\" target=\"_blank\" rel=\"noreferrer noopener\"><strong>proyecto y tramitaci\u00f3n de su licencia de apertura<\/strong><\/a>. Presupuestos sin compromiso.<\/p>\n\n\n<div class=\"kk-star-ratings kksr-auto kksr-align-left kksr-valign-bottom\"\n    data-payload='{&quot;align&quot;:&quot;left&quot;,&quot;id&quot;:&quot;4412&quot;,&quot;slug&quot;:&quot;default&quot;,&quot;valign&quot;:&quot;bottom&quot;,&quot;ignore&quot;:&quot;&quot;,&quot;reference&quot;:&quot;auto&quot;,&quot;class&quot;:&quot;&quot;,&quot;count&quot;:&quot;13&quot;,&quot;legendonly&quot;:&quot;&quot;,&quot;readonly&quot;:&quot;&quot;,&quot;score&quot;:&quot;5&quot;,&quot;starsonly&quot;:&quot;&quot;,&quot;best&quot;:&quot;5&quot;,&quot;gap&quot;:&quot;4&quot;,&quot;greet&quot;:&quot;&quot;,&quot;legend&quot;:&quot;5\\\/5 - (13 votos)&quot;,&quot;size&quot;:&quot;24&quot;,&quot;title&quot;:&quot;C\u00f3mo Capitalizar el Paro para iniciar tu negocio&quot;,&quot;width&quot;:&quot;138&quot;,&quot;_legend&quot;:&quot;{score}\\\/{best} - ({count} {votes})&quot;,&quot;font_factor&quot;:&quot;1.25&quot;}'>\n            \n<div class=\"kksr-stars\">\n    \n<div class=\"kksr-stars-inactive\">\n            <div class=\"kksr-star\" data-star=\"1\" style=\"padding-right: 4px\">\n            \n\n<div class=\"kksr-icon\" style=\"width: 24px; height: 24px;\"><\/div>\n        <\/div>\n            <div class=\"kksr-star\" data-star=\"2\" style=\"padding-right: 4px\">\n            \n\n<div class=\"kksr-icon\" style=\"width: 24px; height: 24px;\"><\/div>\n        <\/div>\n            <div class=\"kksr-star\" data-star=\"3\" style=\"padding-right: 4px\">\n            \n\n<div class=\"kksr-icon\" style=\"width: 24px; height: 24px;\"><\/div>\n        <\/div>\n            <div class=\"kksr-star\" data-star=\"4\" style=\"padding-right: 4px\">\n            \n\n<div class=\"kksr-icon\" style=\"width: 24px; height: 24px;\"><\/div>\n        <\/div>\n            <div class=\"kksr-star\" data-star=\"5\" style=\"padding-right: 4px\">\n            \n\n<div class=\"kksr-icon\" style=\"width: 24px; height: 24px;\"><\/div>\n        <\/div>\n    <\/div>\n    \n<div class=\"kksr-stars-active\" style=\"width: 138px;\">\n            <div class=\"kksr-star\" style=\"padding-right: 4px\">\n            \n\n<div class=\"kksr-icon\" style=\"width: 24px; height: 24px;\"><\/div>\n        <\/div>\n            <div class=\"kksr-star\" style=\"padding-right: 4px\">\n            \n\n<div class=\"kksr-icon\" style=\"width: 24px; height: 24px;\"><\/div>\n        <\/div>\n            <div class=\"kksr-star\" style=\"padding-right: 4px\">\n            \n\n<div class=\"kksr-icon\" style=\"width: 24px; height: 24px;\"><\/div>\n        <\/div>\n            <div class=\"kksr-star\" style=\"padding-right: 4px\">\n            \n\n<div class=\"kksr-icon\" style=\"width: 24px; height: 24px;\"><\/div>\n        <\/div>\n            <div class=\"kksr-star\" style=\"padding-right: 4px\">\n            \n\n<div class=\"kksr-icon\" style=\"width: 24px; height: 24px;\"><\/div>\n        <\/div>\n    <\/div>\n<\/div>\n                \n\n<div class=\"kksr-legend\" style=\"font-size: 19.2px;\">\n            5\/5 - (13 votos)    <\/div>\n    <\/div>\n","protected":false},"excerpt":{"rendered":"<p>\u00bfSue\u00f1as con emprender en Madrid pero te frena la inversi\u00f3n inicial? La capitalizaci\u00f3n del paro, o pago \u00fanico, es una [&hellip;]<\/p>\n","protected":false},"author":1,"featured_media":4415,"comment_status":"open","ping_status":"open","sticky":false,"template":"","format":"standard","meta":{"rop_custom_images_group":[],"rop_custom_messages_group":[],"rop_publish_now":"no","rop_publish_now_accounts":{"twitter_17708481_17708481":""},"rop_publish_now_history":[{"account":"twitter_17708481_17708481","service":"twitter","timestamp":1753443592,"status":"error"}],"rop_publish_now_status":"done","footnotes":""},"categories":[89,12,936,2,24],"tags":[1366,1365,1367],"class_list":["post-4412","post","type-post","status-publish","format-standard","has-post-thumbnail","hentry","category-apertura","category-ayuntamiento","category-licencia-actividad","category-licencias","category-subvenciones","tag-capitalizar","tag-capitalizar-el-paro","tag-sepe"],"yoast_head":"<!-- This site is optimized with the Yoast SEO plugin v27.4 - https:\/\/yoast.com\/product\/yoast-seo-wordpress\/ -->\n<title>C\u00f3mo Capitalizar el Paro para iniciar tu negocio - Licencias de Apertura y Actividad<\/title>\n<meta name=\"robots\" content=\"index, follow, max-snippet:-1, max-image-preview:large, max-video-preview:-1\" \/>\n<link rel=\"canonical\" href=\"https:\/\/www.madridlicencias.com\/blog\/como-capitalizar-el-paro-para-iniciar-tu-negocio\/\" \/>\n<meta property=\"og:locale\" content=\"es_ES\" \/>\n<meta property=\"og:type\" content=\"article\" \/>\n<meta property=\"og:title\" content=\"C\u00f3mo Capitalizar el Paro para iniciar tu negocio - Licencias de Apertura y Actividad\" \/>\n<meta property=\"og:description\" content=\"\u00bfSue\u00f1as con emprender en Madrid pero te frena la inversi\u00f3n inicial? La capitalizaci\u00f3n del paro, o pago \u00fanico, es una [&hellip;]\" \/>\n<meta property=\"og:url\" content=\"https:\/\/www.madridlicencias.com\/blog\/como-capitalizar-el-paro-para-iniciar-tu-negocio\/\" \/>\n<meta property=\"og:site_name\" content=\"Licencias de Apertura y Actividad\" \/>\n<meta property=\"article:publisher\" content=\"https:\/\/www.facebook.com\/ArquitectosVillanueva\" \/>\n<meta property=\"article:author\" content=\"https:\/\/www.facebook.com\/ArquitectosVillanueva\" \/>\n<meta property=\"article:published_time\" content=\"2025-07-25T11:39:27+00:00\" \/>\n<meta property=\"article:modified_time\" content=\"2025-07-25T14:10:58+00:00\" \/>\n<meta property=\"og:image\" content=\"https:\/\/www.madridlicencias.com\/blog\/wp-content\/uploads\/Como-Capitalizar-el-Paro-para-montar-tu-negocio.png\" \/>\n\t<meta property=\"og:image:width\" content=\"1408\" \/>\n\t<meta property=\"og:image:height\" content=\"768\" \/>\n\t<meta property=\"og:image:type\" content=\"image\/png\" \/>\n<meta name=\"author\" content=\"Gorka Villanueva\" \/>\n<meta name=\"twitter:card\" content=\"summary_large_image\" \/>\n<meta name=\"twitter:creator\" content=\"@gorkavillanueva\" \/>\n<meta name=\"twitter:site\" content=\"@gorkavillanueva\" \/>\n<meta name=\"twitter:label1\" content=\"Escrito por\" \/>\n\t<meta name=\"twitter:data1\" content=\"Gorka Villanueva\" \/>\n\t<meta name=\"twitter:label2\" content=\"Tiempo de lectura\" \/>\n\t<meta name=\"twitter:data2\" content=\"14 minutos\" \/>\n<script type=\"application\/ld+json\" class=\"yoast-schema-graph\">{\"@context\":\"https:\\\/\\\/schema.org\",\"@graph\":[{\"@type\":\"Article\",\"@id\":\"https:\\\/\\\/www.madridlicencias.com\\\/blog\\\/como-capitalizar-el-paro-para-iniciar-tu-negocio\\\/#article\",\"isPartOf\":{\"@id\":\"https:\\\/\\\/www.madridlicencias.com\\\/blog\\\/como-capitalizar-el-paro-para-iniciar-tu-negocio\\\/\"},\"author\":{\"name\":\"Gorka Villanueva\",\"@id\":\"https:\\\/\\\/www.madridlicencias.com\\\/blog\\\/#\\\/schema\\\/person\\\/33c4a38b2dfdf1309dd9a667d142c13c\"},\"headline\":\"C\u00f3mo Capitalizar el Paro para iniciar tu negocio\",\"datePublished\":\"2025-07-25T11:39:27+00:00\",\"dateModified\":\"2025-07-25T14:10:58+00:00\",\"mainEntityOfPage\":{\"@id\":\"https:\\\/\\\/www.madridlicencias.com\\\/blog\\\/como-capitalizar-el-paro-para-iniciar-tu-negocio\\\/\"},\"wordCount\":2844,\"commentCount\":0,\"publisher\":{\"@id\":\"https:\\\/\\\/www.madridlicencias.com\\\/blog\\\/#\\\/schema\\\/person\\\/33c4a38b2dfdf1309dd9a667d142c13c\"},\"image\":{\"@id\":\"https:\\\/\\\/www.madridlicencias.com\\\/blog\\\/como-capitalizar-el-paro-para-iniciar-tu-negocio\\\/#primaryimage\"},\"thumbnailUrl\":\"https:\\\/\\\/www.madridlicencias.com\\\/blog\\\/wp-content\\\/uploads\\\/Como-Capitalizar-el-Paro-para-montar-tu-negocio.png\",\"keywords\":[\"Capitalizar\",\"Capitalizar el Paro\",\"SEPE\"],\"articleSection\":[\"Apertura\",\"Ayuntamiento\",\"Licencia Actividad\",\"Licencias\",\"Subvenciones\"],\"inLanguage\":\"es\",\"potentialAction\":[{\"@type\":\"CommentAction\",\"name\":\"Comment\",\"target\":[\"https:\\\/\\\/www.madridlicencias.com\\\/blog\\\/como-capitalizar-el-paro-para-iniciar-tu-negocio\\\/#respond\"]}]},{\"@type\":\"WebPage\",\"@id\":\"https:\\\/\\\/www.madridlicencias.com\\\/blog\\\/como-capitalizar-el-paro-para-iniciar-tu-negocio\\\/\",\"url\":\"https:\\\/\\\/www.madridlicencias.com\\\/blog\\\/como-capitalizar-el-paro-para-iniciar-tu-negocio\\\/\",\"name\":\"C\u00f3mo Capitalizar el Paro para iniciar tu negocio - Licencias de Apertura y Actividad\",\"isPartOf\":{\"@id\":\"https:\\\/\\\/www.madridlicencias.com\\\/blog\\\/#website\"},\"primaryImageOfPage\":{\"@id\":\"https:\\\/\\\/www.madridlicencias.com\\\/blog\\\/como-capitalizar-el-paro-para-iniciar-tu-negocio\\\/#primaryimage\"},\"image\":{\"@id\":\"https:\\\/\\\/www.madridlicencias.com\\\/blog\\\/como-capitalizar-el-paro-para-iniciar-tu-negocio\\\/#primaryimage\"},\"thumbnailUrl\":\"https:\\\/\\\/www.madridlicencias.com\\\/blog\\\/wp-content\\\/uploads\\\/Como-Capitalizar-el-Paro-para-montar-tu-negocio.png\",\"datePublished\":\"2025-07-25T11:39:27+00:00\",\"dateModified\":\"2025-07-25T14:10:58+00:00\",\"breadcrumb\":{\"@id\":\"https:\\\/\\\/www.madridlicencias.com\\\/blog\\\/como-capitalizar-el-paro-para-iniciar-tu-negocio\\\/#breadcrumb\"},\"inLanguage\":\"es\",\"potentialAction\":[{\"@type\":\"ReadAction\",\"target\":[\"https:\\\/\\\/www.madridlicencias.com\\\/blog\\\/como-capitalizar-el-paro-para-iniciar-tu-negocio\\\/\"]}]},{\"@type\":\"ImageObject\",\"inLanguage\":\"es\",\"@id\":\"https:\\\/\\\/www.madridlicencias.com\\\/blog\\\/como-capitalizar-el-paro-para-iniciar-tu-negocio\\\/#primaryimage\",\"url\":\"https:\\\/\\\/www.madridlicencias.com\\\/blog\\\/wp-content\\\/uploads\\\/Como-Capitalizar-el-Paro-para-montar-tu-negocio.png\",\"contentUrl\":\"https:\\\/\\\/www.madridlicencias.com\\\/blog\\\/wp-content\\\/uploads\\\/Como-Capitalizar-el-Paro-para-montar-tu-negocio.png\",\"width\":1408,\"height\":768},{\"@type\":\"BreadcrumbList\",\"@id\":\"https:\\\/\\\/www.madridlicencias.com\\\/blog\\\/como-capitalizar-el-paro-para-iniciar-tu-negocio\\\/#breadcrumb\",\"itemListElement\":[{\"@type\":\"ListItem\",\"position\":1,\"name\":\"Portada\",\"item\":\"https:\\\/\\\/www.madridlicencias.com\\\/blog\\\/\"},{\"@type\":\"ListItem\",\"position\":2,\"name\":\"C\u00f3mo Capitalizar el Paro para iniciar tu negocio\"}]},{\"@type\":\"WebSite\",\"@id\":\"https:\\\/\\\/www.madridlicencias.com\\\/blog\\\/#website\",\"url\":\"https:\\\/\\\/www.madridlicencias.com\\\/blog\\\/\",\"name\":\"Licencias de Apertura y Actividad\",\"description\":\"Especializados en la tramitaci\u00f3n de licencias de actividad, licencias de apertura y declaraciones responsables. Resolvemos todas tus dudas sobre c\u00f3mo obtener tu licencia de funcionamiento y gestionar los tr\u00e1mites con el Ayuntamiento. Somos expertos en la gesti\u00f3n de aperturas de negocios. Este espacio est\u00e1 dise\u00f1ado para guiarte en el complejo mundo de las licencias de actividad y la burocracia urban\u00edstica. Aqu\u00ed encontrar\u00e1s an\u00e1lisis de normativa, gu\u00edas de procedimiento y ejemplos pr\u00e1cticos para tu negocio o local. Convierte tu proyecto en realidad con informaci\u00f3n t\u00e9cnica actualizada y fiable.\",\"publisher\":{\"@id\":\"https:\\\/\\\/www.madridlicencias.com\\\/blog\\\/#\\\/schema\\\/person\\\/33c4a38b2dfdf1309dd9a667d142c13c\"},\"potentialAction\":[{\"@type\":\"SearchAction\",\"target\":{\"@type\":\"EntryPoint\",\"urlTemplate\":\"https:\\\/\\\/www.madridlicencias.com\\\/blog\\\/?s={search_term_string}\"},\"query-input\":{\"@type\":\"PropertyValueSpecification\",\"valueRequired\":true,\"valueName\":\"search_term_string\"}}],\"inLanguage\":\"es\"},{\"@type\":[\"Person\",\"Organization\"],\"@id\":\"https:\\\/\\\/www.madridlicencias.com\\\/blog\\\/#\\\/schema\\\/person\\\/33c4a38b2dfdf1309dd9a667d142c13c\",\"name\":\"Gorka Villanueva\",\"image\":{\"@type\":\"ImageObject\",\"inLanguage\":\"es\",\"@id\":\"https:\\\/\\\/secure.gravatar.com\\\/avatar\\\/2b22df0b555528a455bd6d7a4d62706746a36d31559440cca3a43072b34ff7ad?s=96&d=mm&r=g\",\"url\":\"https:\\\/\\\/secure.gravatar.com\\\/avatar\\\/2b22df0b555528a455bd6d7a4d62706746a36d31559440cca3a43072b34ff7ad?s=96&d=mm&r=g\",\"contentUrl\":\"https:\\\/\\\/secure.gravatar.com\\\/avatar\\\/2b22df0b555528a455bd6d7a4d62706746a36d31559440cca3a43072b34ff7ad?s=96&d=mm&r=g\",\"caption\":\"Gorka Villanueva\"},\"logo\":{\"@id\":\"https:\\\/\\\/secure.gravatar.com\\\/avatar\\\/2b22df0b555528a455bd6d7a4d62706746a36d31559440cca3a43072b34ff7ad?s=96&d=mm&r=g\"},\"sameAs\":[\"http:\\\/\\\/www.madridlicencias.com\",\"https:\\\/\\\/www.facebook.com\\\/ArquitectosVillanueva\",\"https:\\\/\\\/www.linkedin.com\\\/in\\\/gorkavilla\\\/\"],\"url\":\"https:\\\/\\\/www.madridlicencias.com\\\/blog\\\/author\\\/madridli\\\/\"}]}<\/script>\n<!-- \/ Yoast SEO plugin. -->","yoast_head_json":{"title":"C\u00f3mo Capitalizar el Paro para iniciar tu negocio - Licencias de Apertura y Actividad","robots":{"index":"index","follow":"follow","max-snippet":"max-snippet:-1","max-image-preview":"max-image-preview:large","max-video-preview":"max-video-preview:-1"},"canonical":"https:\/\/www.madridlicencias.com\/blog\/como-capitalizar-el-paro-para-iniciar-tu-negocio\/","og_locale":"es_ES","og_type":"article","og_title":"C\u00f3mo Capitalizar el Paro para iniciar tu negocio - Licencias de Apertura y Actividad","og_description":"\u00bfSue\u00f1as con emprender en Madrid pero te frena la inversi\u00f3n inicial? La capitalizaci\u00f3n del paro, o pago \u00fanico, es una [&hellip;]","og_url":"https:\/\/www.madridlicencias.com\/blog\/como-capitalizar-el-paro-para-iniciar-tu-negocio\/","og_site_name":"Licencias de Apertura y Actividad","article_publisher":"https:\/\/www.facebook.com\/ArquitectosVillanueva","article_author":"https:\/\/www.facebook.com\/ArquitectosVillanueva","article_published_time":"2025-07-25T11:39:27+00:00","article_modified_time":"2025-07-25T14:10:58+00:00","og_image":[{"width":1408,"height":768,"url":"https:\/\/www.madridlicencias.com\/blog\/wp-content\/uploads\/Como-Capitalizar-el-Paro-para-montar-tu-negocio.png","type":"image\/png"}],"author":"Gorka Villanueva","twitter_card":"summary_large_image","twitter_creator":"@gorkavillanueva","twitter_site":"@gorkavillanueva","twitter_misc":{"Escrito por":"Gorka Villanueva","Tiempo de lectura":"14 minutos"},"schema":{"@context":"https:\/\/schema.org","@graph":[{"@type":"Article","@id":"https:\/\/www.madridlicencias.com\/blog\/como-capitalizar-el-paro-para-iniciar-tu-negocio\/#article","isPartOf":{"@id":"https:\/\/www.madridlicencias.com\/blog\/como-capitalizar-el-paro-para-iniciar-tu-negocio\/"},"author":{"name":"Gorka Villanueva","@id":"https:\/\/www.madridlicencias.com\/blog\/#\/schema\/person\/33c4a38b2dfdf1309dd9a667d142c13c"},"headline":"C\u00f3mo Capitalizar el Paro para iniciar tu negocio","datePublished":"2025-07-25T11:39:27+00:00","dateModified":"2025-07-25T14:10:58+00:00","mainEntityOfPage":{"@id":"https:\/\/www.madridlicencias.com\/blog\/como-capitalizar-el-paro-para-iniciar-tu-negocio\/"},"wordCount":2844,"commentCount":0,"publisher":{"@id":"https:\/\/www.madridlicencias.com\/blog\/#\/schema\/person\/33c4a38b2dfdf1309dd9a667d142c13c"},"image":{"@id":"https:\/\/www.madridlicencias.com\/blog\/como-capitalizar-el-paro-para-iniciar-tu-negocio\/#primaryimage"},"thumbnailUrl":"https:\/\/www.madridlicencias.com\/blog\/wp-content\/uploads\/Como-Capitalizar-el-Paro-para-montar-tu-negocio.png","keywords":["Capitalizar","Capitalizar el Paro","SEPE"],"articleSection":["Apertura","Ayuntamiento","Licencia Actividad","Licencias","Subvenciones"],"inLanguage":"es","potentialAction":[{"@type":"CommentAction","name":"Comment","target":["https:\/\/www.madridlicencias.com\/blog\/como-capitalizar-el-paro-para-iniciar-tu-negocio\/#respond"]}]},{"@type":"WebPage","@id":"https:\/\/www.madridlicencias.com\/blog\/como-capitalizar-el-paro-para-iniciar-tu-negocio\/","url":"https:\/\/www.madridlicencias.com\/blog\/como-capitalizar-el-paro-para-iniciar-tu-negocio\/","name":"C\u00f3mo Capitalizar el Paro para iniciar tu negocio - Licencias de Apertura y Actividad","isPartOf":{"@id":"https:\/\/www.madridlicencias.com\/blog\/#website"},"primaryImageOfPage":{"@id":"https:\/\/www.madridlicencias.com\/blog\/como-capitalizar-el-paro-para-iniciar-tu-negocio\/#primaryimage"},"image":{"@id":"https:\/\/www.madridlicencias.com\/blog\/como-capitalizar-el-paro-para-iniciar-tu-negocio\/#primaryimage"},"thumbnailUrl":"https:\/\/www.madridlicencias.com\/blog\/wp-content\/uploads\/Como-Capitalizar-el-Paro-para-montar-tu-negocio.png","datePublished":"2025-07-25T11:39:27+00:00","dateModified":"2025-07-25T14:10:58+00:00","breadcrumb":{"@id":"https:\/\/www.madridlicencias.com\/blog\/como-capitalizar-el-paro-para-iniciar-tu-negocio\/#breadcrumb"},"inLanguage":"es","potentialAction":[{"@type":"ReadAction","target":["https:\/\/www.madridlicencias.com\/blog\/como-capitalizar-el-paro-para-iniciar-tu-negocio\/"]}]},{"@type":"ImageObject","inLanguage":"es","@id":"https:\/\/www.madridlicencias.com\/blog\/como-capitalizar-el-paro-para-iniciar-tu-negocio\/#primaryimage","url":"https:\/\/www.madridlicencias.com\/blog\/wp-content\/uploads\/Como-Capitalizar-el-Paro-para-montar-tu-negocio.png","contentUrl":"https:\/\/www.madridlicencias.com\/blog\/wp-content\/uploads\/Como-Capitalizar-el-Paro-para-montar-tu-negocio.png","width":1408,"height":768},{"@type":"BreadcrumbList","@id":"https:\/\/www.madridlicencias.com\/blog\/como-capitalizar-el-paro-para-iniciar-tu-negocio\/#breadcrumb","itemListElement":[{"@type":"ListItem","position":1,"name":"Portada","item":"https:\/\/www.madridlicencias.com\/blog\/"},{"@type":"ListItem","position":2,"name":"C\u00f3mo Capitalizar el Paro para iniciar tu negocio"}]},{"@type":"WebSite","@id":"https:\/\/www.madridlicencias.com\/blog\/#website","url":"https:\/\/www.madridlicencias.com\/blog\/","name":"Licencias de Apertura y Actividad","description":"Especializados en la tramitaci\u00f3n de licencias de actividad, licencias de apertura y declaraciones responsables. Resolvemos todas tus dudas sobre c\u00f3mo obtener tu licencia de funcionamiento y gestionar los tr\u00e1mites con el Ayuntamiento. Somos expertos en la gesti\u00f3n de aperturas de negocios. Este espacio est\u00e1 dise\u00f1ado para guiarte en el complejo mundo de las licencias de actividad y la burocracia urban\u00edstica. Aqu\u00ed encontrar\u00e1s an\u00e1lisis de normativa, gu\u00edas de procedimiento y ejemplos pr\u00e1cticos para tu negocio o local. Convierte tu proyecto en realidad con informaci\u00f3n t\u00e9cnica actualizada y fiable.","publisher":{"@id":"https:\/\/www.madridlicencias.com\/blog\/#\/schema\/person\/33c4a38b2dfdf1309dd9a667d142c13c"},"potentialAction":[{"@type":"SearchAction","target":{"@type":"EntryPoint","urlTemplate":"https:\/\/www.madridlicencias.com\/blog\/?s={search_term_string}"},"query-input":{"@type":"PropertyValueSpecification","valueRequired":true,"valueName":"search_term_string"}}],"inLanguage":"es"},{"@type":["Person","Organization"],"@id":"https:\/\/www.madridlicencias.com\/blog\/#\/schema\/person\/33c4a38b2dfdf1309dd9a667d142c13c","name":"Gorka Villanueva","image":{"@type":"ImageObject","inLanguage":"es","@id":"https:\/\/secure.gravatar.com\/avatar\/2b22df0b555528a455bd6d7a4d62706746a36d31559440cca3a43072b34ff7ad?s=96&d=mm&r=g","url":"https:\/\/secure.gravatar.com\/avatar\/2b22df0b555528a455bd6d7a4d62706746a36d31559440cca3a43072b34ff7ad?s=96&d=mm&r=g","contentUrl":"https:\/\/secure.gravatar.com\/avatar\/2b22df0b555528a455bd6d7a4d62706746a36d31559440cca3a43072b34ff7ad?s=96&d=mm&r=g","caption":"Gorka Villanueva"},"logo":{"@id":"https:\/\/secure.gravatar.com\/avatar\/2b22df0b555528a455bd6d7a4d62706746a36d31559440cca3a43072b34ff7ad?s=96&d=mm&r=g"},"sameAs":["http:\/\/www.madridlicencias.com","https:\/\/www.facebook.com\/ArquitectosVillanueva","https:\/\/www.linkedin.com\/in\/gorkavilla\/"],"url":"https:\/\/www.madridlicencias.com\/blog\/author\/madridli\/"}]}},"_links":{"self":[{"href":"https:\/\/www.madridlicencias.com\/blog\/wp-json\/wp\/v2\/posts\/4412","targetHints":{"allow":["GET"]}}],"collection":[{"href":"https:\/\/www.madridlicencias.com\/blog\/wp-json\/wp\/v2\/posts"}],"about":[{"href":"https:\/\/www.madridlicencias.com\/blog\/wp-json\/wp\/v2\/types\/post"}],"author":[{"embeddable":true,"href":"https:\/\/www.madridlicencias.com\/blog\/wp-json\/wp\/v2\/users\/1"}],"replies":[{"embeddable":true,"href":"https:\/\/www.madridlicencias.com\/blog\/wp-json\/wp\/v2\/comments?post=4412"}],"version-history":[{"count":3,"href":"https:\/\/www.madridlicencias.com\/blog\/wp-json\/wp\/v2\/posts\/4412\/revisions"}],"predecessor-version":[{"id":4422,"href":"https:\/\/www.madridlicencias.com\/blog\/wp-json\/wp\/v2\/posts\/4412\/revisions\/4422"}],"wp:featuredmedia":[{"embeddable":true,"href":"https:\/\/www.madridlicencias.com\/blog\/wp-json\/wp\/v2\/media\/4415"}],"wp:attachment":[{"href":"https:\/\/www.madridlicencias.com\/blog\/wp-json\/wp\/v2\/media?parent=4412"}],"wp:term":[{"taxonomy":"category","embeddable":true,"href":"https:\/\/www.madridlicencias.com\/blog\/wp-json\/wp\/v2\/categories?post=4412"},{"taxonomy":"post_tag","embeddable":true,"href":"https:\/\/www.madridlicencias.com\/blog\/wp-json\/wp\/v2\/tags?post=4412"}],"curies":[{"name":"wp","href":"https:\/\/api.w.org\/{rel}","templated":true}]}}