{"id":4552,"date":"2026-04-28T09:16:00","date_gmt":"2026-04-28T07:16:00","guid":{"rendered":"https:\/\/www.madridlicencias.com\/blog\/?p=4552"},"modified":"2025-09-26T00:19:03","modified_gmt":"2025-09-25T22:19:03","slug":"guia-completa-para-la-declaracion-responsable-de-una-academia-de-formacion-no-reglada","status":"publish","type":"post","link":"https:\/\/www.madridlicencias.com\/blog\/guia-completa-para-la-declaracion-responsable-de-una-academia-de-formacion-no-reglada\/","title":{"rendered":"Gu\u00eda completa para la declaraci\u00f3n responsable de una academia de formaci\u00f3n no reglada"},"content":{"rendered":"\n<p>&nbsp;<\/p>\n\n\n\n<p>La <b>declaraci\u00f3n responsable para una academia de formaci\u00f3n no reglada<\/b> es el procedimiento administrativo que te permite iniciar tu actividad educativa en Madrid de una forma \u00e1gil. Sin embargo, esta agilidad no implica una falta de rigor. Detr\u00e1s de este tr\u00e1mite se esconde un requisito fundamental: la elaboraci\u00f3n de un <b>proyecto t\u00e9cnico<\/b> completo y preciso que garantice que tu local es seguro y cumple con toda la normativa vigente. Abrir las puertas de tu centro de ense\u00f1anza, ya sea de idiomas, m\u00fasica, repaso o manualidades, es un proyecto emocionante, y entender la documentaci\u00f3n t\u00e9cnica que necesitas es el primer paso para hacerlo realidad sin contratiempos.<\/p>\n\n\n\n<figure class=\"wp-block-image\"><img decoding=\"async\" src=\"https:\/\/www.madridlicencias.com\/blog\/wp-content\/uploads\/Vademecum-exhaustivo-atestacion-compromiso-instituto-ensenanza-no-oficial.png\" alt=\"\"\/><\/figure>\n\n\n\n<p><\/p>\n\n\n\n<p>En esta gu\u00eda completa, vamos a desgranar los elementos esenciales que componen el proyecto t\u00e9cnico necesario para tramitar la declaraci\u00f3n responsable de tu academia. Te explicaremos en detalle qu\u00e9 informaci\u00f3n debes incluir tanto en la memoria como en los planos para que tu expediente sea s\u00f3lido y refleje fielmente la adecuaci\u00f3n de tu local a la normativa del Ayuntamiento de Madrid. El objetivo es que tengas una visi\u00f3n clara del camino a seguir, evitando las dudas y los posibles errores que pueden retrasar tu apertura.<\/p>\n\n\n\n<p><b>UN PROCESO UNIFICADO PARA TODO TIPO DE ACADEMIAS<\/b><\/p>\n\n\n\n<p>Una de las primeras dudas que suelen surgir es si el procedimiento var\u00eda seg\u00fan la materia que se va a impartir. La respuesta es clara: no. El tr\u00e1mite de <b>declaraci\u00f3n responsable<\/b> es el mismo para cualquier tipo de <b>academia de formaci\u00f3n no reglada<\/b>. No importa si vas a ense\u00f1ar ingl\u00e9s, a dar clases de guitarra, a impartir talleres de cer\u00e1mica o a ofrecer cursos de programaci\u00f3n. Desde el punto de vista urban\u00edstico, todas estas actividades se engloban dentro del uso de <b>Servicios Terciarios<\/b>, en su clase de <i>educativo-docente<\/i>.<\/p>\n\n\n\n<p>Esto significa que la normativa t\u00e9cnica que debe cumplir tu local es id\u00e9ntica en todos los casos. Los requisitos se centran en la seguridad, la habitabilidad y las condiciones t\u00e9cnicas del inmueble, no en el contenido pedag\u00f3gico de los cursos. Por tanto, la estructura del proyecto t\u00e9cnico, los planos requeridos y los puntos de la normativa a justificar ser\u00e1n los mismos para una academia de baile que para un centro de preparaci\u00f3n de oposiciones. Esta unificaci\u00f3n simplifica el enfoque inicial y te permite centrarte en lo verdaderamente importante: asegurar que tu proyecto t\u00e9cnico sea impecable.<\/p>\n\n\n\n<p><b>EL CORAZ\u00d3N DEL TR\u00c1MITE: EL PROYECTO T\u00c9CNICO<\/b><\/p>\n\n\n\n<p>El pilar sobre el que se sustenta toda la declaraci\u00f3n responsable es el <b>proyecto t\u00e9cnico de actividad<\/b>. Este documento, que debe ser redactado y firmado por un t\u00e9cnico competente (como un arquitecto o un ingeniero t\u00e9cnico), es mucho m\u00e1s que un simple formalismo. Es la demostraci\u00f3n fehaciente de que tu academia cumple con todas las ordenanzas municipales y la normativa de \u00e1mbito superior, como el C\u00f3digo T\u00e9cnico de la Edificaci\u00f3n (CTE). Presentar una declaraci\u00f3n responsable sin tener este proyecto finalizado y correctamente elaborado es una infracci\u00f3n grave.<\/p>\n\n\n\n<p>El proyecto t\u00e9cnico se compone fundamentalmente de dos partes que se complementan entre s\u00ed: la <b>memoria t\u00e9cnica<\/b> y los <b>planos<\/b>. Mientras que la memoria describe y justifica con texto y c\u00e1lculos el cumplimiento de cada requisito legal, los planos lo representan gr\u00e1ficamente, permitiendo una comprensi\u00f3n visual e inequ\u00edvoca de la distribuci\u00f3n, las instalaciones y las medidas de seguridad de tu centro. Ambos elementos son inseparables y deben ser coherentes entre s\u00ed. En nuestra <a href=\"https:\/\/www.madridlicencias.com\/metodo-licencias-apertura\/\">metodolog\u00eda de trabajo<\/a>, ponemos especial \u00e9nfasis en la precisi\u00f3n de esta fase inicial para garantizar un proceso sin fisuras.<\/p>\n\n\n\n<p><b>DESGLOSANDO LA MEMORIA T\u00c9CNICA: \u00bfQU\u00c9 DEBE INCLUIR?<\/b><\/p>\n\n\n\n<p>La memoria es la parte narrativa y justificativa del proyecto. Es donde el t\u00e9cnico explica detalladamente las caracter\u00edsticas del local y la actividad, y argumenta, normativa en mano, por qu\u00e9 el establecimiento es apto para su uso como academia. Una memoria bien redactada debe ser clara, precisa y no dejar lugar a interpretaciones. Su contenido se estructura en varios apartados clave:<\/p>\n\n\n\n<ul class=\"wp-block-list\">\n<li><b>Memoria Descriptiva:<\/b> Aqu\u00ed se identifican los datos b\u00e1sicos. Debe incluir la identificaci\u00f3n del titular de la actividad, la direcci\u00f3n exacta del local, su referencia catastral, y una descripci\u00f3n pormenorizada de la actividad a desarrollar (por ejemplo, <i>academia de ense\u00f1anza no reglada de idiomas<\/i>), incluyendo su c\u00f3digo CNAE. Tambi\u00e9n se especifica la superficie \u00fatil del local y el <b>aforo<\/b> total, un dato crucial que se calcula en funci\u00f3n de la superficie de las aulas y zonas de uso p\u00fablico.<\/li>\n\n\n\n<li><b>Memoria Constructiva:<\/b> Se describen las caracter\u00edsticas f\u00edsicas y materiales del local. Se detallan los tipos de suelos, paredes, techos, carpinter\u00edas y dem\u00e1s elementos constructivos, tanto los originales como los que se hayan podido modificar en una posible reforma.<\/li>\n\n\n\n<li><b>Justificaci\u00f3n del Cumplimiento Normativo:<\/b> Este es el apartado m\u00e1s denso y t\u00e9cnico. El redactor debe justificar, punto por punto, el cumplimiento de toda la legislaci\u00f3n aplicable. Esto incluye:\n<ul class=\"wp-block-list\">\n<li><b>Normativa Urban\u00edstica:<\/b> Se justifica la compatibilidad del uso educativo con el planeamiento vigente en Madrid, el <b>Plan General de Ordenaci\u00f3n Urbana (PGOUM)<\/b>.<\/li>\n\n\n\n<li><b>Protecci\u00f3n Contra Incendios:<\/b> Se detallan todos los elementos de seguridad (extintores, se\u00f1alizaci\u00f3n de evacuaci\u00f3n, alumbrado de emergencia), se justifican las longitudes de los recorridos de evacuaci\u00f3n y la resistencia al fuego de los materiales, todo ello seg\u00fan el <b>C\u00f3digo T\u00e9cnico de la Edificaci\u00f3n (CTE DB-SI)<\/b>.<\/li>\n\n\n\n<li><b>Ventilaci\u00f3n y Calidad del Aire:<\/b> Se explica c\u00f3mo se garantiza una correcta renovaci\u00f3n del aire en las aulas y dem\u00e1s estancias, cumpliendo con las exigencias del <b>CTE DB-HS<\/b>.<\/li>\n\n\n\n<li><b>Protecci\u00f3n frente al Ruido:<\/b> Especialmente relevante para academias de m\u00fasica o baile, se justifica que el local cuenta con el aislamiento ac\u00fastico necesario para no generar molestias a los vecinos, de acuerdo con la <b>Ordenanza de Protecci\u00f3n contra la Contaminaci\u00f3n Ac\u00fastica y T\u00e9rmica (OPCAT)<\/b> de Madrid.<\/li>\n<\/ul>\n<\/li>\n<\/ul>\n\n\n\n<!--more-->\n\n\n\n<figure class=\"wp-block-image\"><img decoding=\"async\" src=\"https:\/\/www.madridlicencias.com\/blog\/wp-content\/uploads\/Manual-Completo-Certificacion-Acuerdo-Centro-Educacion-Privada.png\" alt=\"\"\/><\/figure>\n\n\n\n<p><\/p>\n\n\n\n<p><b>LOS PLANOS: LA REPRESENTACI\u00d3N GR\u00c1FICA DE TU ACADEMIA<\/b><\/p>\n\n\n\n<ol class=\"wp-block-list\">\n<li><b>Plano de Situaci\u00f3n y Emplazamiento:<\/b> Sirve para ubicar el local. Se incluye un plano a escala de la ciudad donde se vea la manzana y otro m\u00e1s cercano donde se identifique el edificio y la posici\u00f3n exacta del local dentro de \u00e9l.<\/li>\n\n\n\n<li><b>Plano de Estado Actual:<\/b> Representa la distribuci\u00f3n del local <i>antes<\/i> de cualquier intervenci\u00f3n. Es necesario para que la administraci\u00f3n pueda comparar y entender el alcance de las obras, en caso de que se realicen. Si no hay obras, este plano reflejar\u00e1 el estado del local en el momento de iniciar el tr\u00e1mite.<\/li>\n\n\n\n<li><b>Plano de Actividad o Estado Reformado:<\/b> Es el plano m\u00e1s importante. En \u00e9l se debe reflejar con total precisi\u00f3n la distribuci\u00f3n final de la academia. Debe incluir:\n<ul class=\"wp-block-list\">\n<li>La disposici\u00f3n de todas las estancias: aulas, recepci\u00f3n, despachos, aseos, etc.<\/li>\n\n\n\n<li>Las cotas (medidas) y superficies \u00fatiles de cada espacio.<\/li>\n\n\n\n<li>El mobiliario principal para entender la funcionalidad (mesas, sillas, pizarras).<\/li>\n\n\n\n<li>La ubicaci\u00f3n exacta de todos los elementos de protecci\u00f3n contra incendios: <b>extintores<\/b>, <b>luces de emergencia<\/b> y <b>se\u00f1ales de evacuaci\u00f3n<\/b>.<\/li>\n\n\n\n<li>El trazado de los <b>recorridos de evacuaci\u00f3n<\/b> desde el punto m\u00e1s alejado hasta la salida.<\/li>\n\n\n\n<li>El c\u00e1lculo del <b>aforo<\/b> desglosado por zonas.<\/li>\n<\/ul>\n<\/li>\n\n\n\n<li><b>Plano de Secciones:<\/b> Muestra uno o varios cortes del local para poder apreciar las alturas libres de las diferentes estancias y elementos estructurales.<\/li>\n\n\n\n<li><b>Planos de Instalaciones:<\/b> Aunque no siempre son obligatorios para actividades sencillas, es muy recomendable incluir un plano de la instalaci\u00f3n el\u00e9ctrica y de la instalaci\u00f3n de ventilaci\u00f3n, si existe.<\/li>\n<\/ol>\n\n\n\n<p><b>\u00bfAYUNTAMIENTO O ECU? ELIGE TU V\u00cdA DE TRAMITACI\u00d3N<\/b><\/p>\n\n\n\n<p>En Madrid, tienes dos opciones para presentar tu declaraci\u00f3n responsable. Puedes hacerlo directamente en el <b>Ayuntamiento de Madrid<\/b> o a trav\u00e9s de una <b>Entidad de Colaboraci\u00f3n Urban\u00edstica (ECU)<\/b>. Ambas v\u00edas son legalmente v\u00e1lidas, pero tienen diferencias en su funcionamiento.<\/p>\n\n\n\n<p>La tramitaci\u00f3n a trav\u00e9s del Ayuntamiento implica que presentas la documentaci\u00f3n y puedes iniciar la actividad de inmediato. La administraci\u00f3n realizar\u00e1 una inspecci\u00f3n posterior para comprobar que todo es correcto. Por otro lado, una <b>ECU<\/b> es una empresa privada habilitada por el Ayuntamiento para verificar la documentaci\u00f3n t\u00e9cnica <i>antes<\/i> de que se presente oficialmente. La ECU revisa tu proyecto t\u00e9cnico y, si todo es correcto, emite un informe de conformidad. Este informe se presenta junto con la declaraci\u00f3n responsable, lo que ofrece una mayor seguridad jur\u00eddica, ya que un organismo especializado ya ha validado tu expediente. Esta opci\u00f3n suele ser m\u00e1s r\u00e1pida y reduce el riesgo de recibir requerimientos de subsanaci\u00f3n o sanciones en el futuro. Puedes consultar el listado oficial en la <a href=\"https:\/\/www.madrid.es\/portales\/munimadrid\/es\/Inicio\/Vivienda-urbanismo-y-obras\/Licencias-y-autorizaciones\/Entidades-Colaboradoras-Urbanisticas-ECU\/?vgnextfmt=default&amp;vgnextoid=1661642841b96210VgnVCM2000000c205a0aRCRD&amp;vgnextchannel=e59879f916625210VgnVCM1000000b205a0aRCRD\" target=\"_blank\" rel=\"noopener noreferrer\">web del Ayuntamiento de Madrid<\/a>.<\/p>\n\n\n\n<p><b>CONCLUSIONES: TU CAMINO HACIA LA APERTURA<\/b><\/p>\n\n\n\n<p>Iniciar una <b>declaraci\u00f3n responsable para una academia de formaci\u00f3n no reglada<\/b> en Madrid es un procedimiento directo, pero exige un rigor t\u00e9cnico absoluto. El \u00e9xito y la legalidad de tu proyecto dependen por completo de la calidad y precisi\u00f3n del <b>proyecto t\u00e9cnico<\/b>, que debe detallar en su memoria y planos el cumplimiento exhaustivo de la normativa urban\u00edstica y de seguridad.<\/p>\n\n\n\n<p>Recuerda que este proceso es el mismo para cualquier especialidad de ense\u00f1anza no reglada y que puedes optar por la v\u00eda del Ayuntamiento o por la seguridad a\u00f1adida de una ECU. Dada la complejidad de la normativa, es fundamental contar con el respaldo de profesionales con experiencia demostrable en la tramitaci\u00f3n de este tipo de <a href=\"https:\/\/www.madridlicencias.com\/servicios-licencias-apertura\/\">licencias de actividad<\/a>. Ellos se asegurar\u00e1n de que cada detalle est\u00e9 cubierto, permiti\u00e9ndote a ti centrarte en lo que mejor sabes hacer: ense\u00f1ar. Si est\u00e1s listo para poner en marcha tu proyecto educativo, <a href=\"https:\/\/www.madridlicencias.com\/contacto\/\">solicita un presupuesto<\/a> y deja que te guiemos para una apertura r\u00e1pida y segura.<\/p>\n\n\n\n<p><b>PREGUNTAS FRECUENTES (FAQ)<\/b><\/p>\n\n\n\n<p><b>\u00bfNecesito un proyecto t\u00e9cnico aunque no vaya a hacer obras en el local?<\/b><br>S\u00ed, es absolutamente obligatorio. El proyecto t\u00e9cnico no solo sirve para solicitar una licencia de obras. Su funci\u00f3n principal en una declaraci\u00f3n responsable es <b>describir la actividad y certificar que el local, en su estado actual, cumple con toda la normativa vigente<\/b> para el uso de academia. Demuestra que las instalaciones, la seguridad contra incendios, la ventilaci\u00f3n y el resto de los aspectos son adecuados para la ense\u00f1anza, independientemente de si se ha reformado o no.<\/p>\n\n\n\n<p><b>\u00bfCu\u00e1nto tiempo se tarda en tramitar una declaraci\u00f3n responsable para una academia?<\/b><br>La <b>declaraci\u00f3n responsable tiene efecto inmediato<\/b>. Esto significa que puedes abrir tu academia el mismo d\u00eda que presentas la documentaci\u00f3n en el registro. Sin embargo, el tiempo crucial es el que se necesita para preparar el proyecto t\u00e9cnico. La redacci\u00f3n de la memoria, la elaboraci\u00f3n de los planos y la recopilaci\u00f3n de toda la documentaci\u00f3n por parte de un t\u00e9cnico cualificado puede llevar desde un par de semanas hasta m\u00e1s de un mes, dependiendo de la complejidad del local y la disponibilidad de la informaci\u00f3n previa. Utilizar una ECU puede agilizar la fase de verificaci\u00f3n documental.<\/p>\n\n\n\n<p><b>\u00bfPuedo impartir cualquier tipo de formaci\u00f3n con esta tramitaci\u00f3n?<\/b><br>Este procedimiento es v\u00e1lido exclusivamente para <b>formaci\u00f3n no reglada<\/b>. Es decir, aquella ense\u00f1anza que no conduce a la obtenci\u00f3n de un t\u00edtulo con validez acad\u00e9mica o profesional oficial reconocido por el Ministerio de Educaci\u00f3n o la Consejer\u00eda de Educaci\u00f3n. Si tu intenci\u00f3n es crear un centro de Formaci\u00f3n Profesional o impartir certificados de profesionalidad, los requisitos son diferentes y mucho m\u00e1s estrictos, implicando autorizaciones espec\u00edficas de las autoridades educativas, adem\u00e1s de la licencia municipal.<\/p>\n\n\n\n<p>&nbsp;<\/p>\n\n\n<div class=\"kk-star-ratings kksr-auto kksr-align-left kksr-valign-bottom\"\n    data-payload='{&quot;align&quot;:&quot;left&quot;,&quot;id&quot;:&quot;4552&quot;,&quot;slug&quot;:&quot;default&quot;,&quot;valign&quot;:&quot;bottom&quot;,&quot;ignore&quot;:&quot;&quot;,&quot;reference&quot;:&quot;auto&quot;,&quot;class&quot;:&quot;&quot;,&quot;count&quot;:&quot;0&quot;,&quot;legendonly&quot;:&quot;&quot;,&quot;readonly&quot;:&quot;&quot;,&quot;score&quot;:&quot;0&quot;,&quot;starsonly&quot;:&quot;&quot;,&quot;best&quot;:&quot;5&quot;,&quot;gap&quot;:&quot;4&quot;,&quot;greet&quot;:&quot;&quot;,&quot;legend&quot;:&quot;0\\\/5 - (0 votos)&quot;,&quot;size&quot;:&quot;24&quot;,&quot;title&quot;:&quot;Gu\u00eda completa para la declaraci\u00f3n responsable de una academia de formaci\u00f3n no reglada&quot;,&quot;width&quot;:&quot;0&quot;,&quot;_legend&quot;:&quot;{score}\\\/{best} - ({count} {votes})&quot;,&quot;font_factor&quot;:&quot;1.25&quot;}'>\n            \n<div class=\"kksr-stars\">\n    \n<div class=\"kksr-stars-inactive\">\n            <div class=\"kksr-star\" data-star=\"1\" style=\"padding-right: 4px\">\n            \n\n<div class=\"kksr-icon\" style=\"width: 24px; height: 24px;\"><\/div>\n        <\/div>\n            <div class=\"kksr-star\" data-star=\"2\" style=\"padding-right: 4px\">\n            \n\n<div class=\"kksr-icon\" style=\"width: 24px; height: 24px;\"><\/div>\n        <\/div>\n            <div class=\"kksr-star\" data-star=\"3\" style=\"padding-right: 4px\">\n            \n\n<div class=\"kksr-icon\" style=\"width: 24px; height: 24px;\"><\/div>\n        <\/div>\n            <div class=\"kksr-star\" data-star=\"4\" style=\"padding-right: 4px\">\n            \n\n<div class=\"kksr-icon\" style=\"width: 24px; height: 24px;\"><\/div>\n        <\/div>\n            <div class=\"kksr-star\" data-star=\"5\" style=\"padding-right: 4px\">\n            \n\n<div class=\"kksr-icon\" style=\"width: 24px; height: 24px;\"><\/div>\n        <\/div>\n    <\/div>\n    \n<div class=\"kksr-stars-active\" style=\"width: 0px;\">\n            <div class=\"kksr-star\" style=\"padding-right: 4px\">\n            \n\n<div class=\"kksr-icon\" style=\"width: 24px; height: 24px;\"><\/div>\n        <\/div>\n            <div class=\"kksr-star\" style=\"padding-right: 4px\">\n            \n\n<div class=\"kksr-icon\" style=\"width: 24px; height: 24px;\"><\/div>\n        <\/div>\n            <div class=\"kksr-star\" style=\"padding-right: 4px\">\n            \n\n<div class=\"kksr-icon\" style=\"width: 24px; height: 24px;\"><\/div>\n        <\/div>\n            <div class=\"kksr-star\" style=\"padding-right: 4px\">\n            \n\n<div class=\"kksr-icon\" style=\"width: 24px; height: 24px;\"><\/div>\n        <\/div>\n            <div class=\"kksr-star\" style=\"padding-right: 4px\">\n            \n\n<div class=\"kksr-icon\" style=\"width: 24px; height: 24px;\"><\/div>\n        <\/div>\n    <\/div>\n<\/div>\n                \n\n<div class=\"kksr-legend\" style=\"font-size: 19.2px;\">\n            <span class=\"kksr-muted\"><\/span>\n    <\/div>\n    <\/div>\n","protected":false},"excerpt":{"rendered":"<p>&nbsp; La declaraci\u00f3n responsable para una academia de formaci\u00f3n no reglada es el procedimiento administrativo que te permite iniciar tu [&hellip;]<\/p>\n","protected":false},"author":1,"featured_media":4548,"comment_status":"open","ping_status":"open","sticky":false,"template":"","format":"standard","meta":{"rop_custom_images_group":[],"rop_custom_messages_group":[],"rop_publish_now":"initial","rop_publish_now_accounts":{"twitter_17708481_17708481":""},"rop_publish_now_history":[],"rop_publish_now_status":"pending","footnotes":""},"categories":[89,1326,936,935,2],"tags":[1144,1321,915,1127,815,226,225,488,507],"class_list":["post-4552","post","type-post","status-publish","format-standard","has-post-thumbnail","hentry","category-apertura","category-declaracion-responsable","category-licencia-actividad","category-licencia-apertura","category-licencias","tag-declaracion-responsable-2","tag-dr-actividades","tag-ecu","tag-entidad-de-colaboracion-urbanistica","tag-licencia-actividad","tag-licencia-de-apertura","tag-licencia-de-funcionamiento","tag-licencia-de-obra","tag-solicitud-vado"],"yoast_head":"<!-- This site is optimized with the Yoast SEO plugin v27.4 - https:\/\/yoast.com\/product\/yoast-seo-wordpress\/ -->\n<title>Gu\u00eda completa para la declaraci\u00f3n responsable de una academia de formaci\u00f3n no reglada - Licencias de Apertura y Actividad<\/title>\n<meta name=\"robots\" content=\"index, follow, max-snippet:-1, max-image-preview:large, max-video-preview:-1\" \/>\n<link rel=\"canonical\" href=\"https:\/\/www.madridlicencias.com\/blog\/guia-completa-para-la-declaracion-responsable-de-una-academia-de-formacion-no-reglada\/\" \/>\n<meta property=\"og:locale\" content=\"es_ES\" \/>\n<meta property=\"og:type\" content=\"article\" \/>\n<meta property=\"og:title\" content=\"Gu\u00eda completa para la declaraci\u00f3n responsable de una academia de formaci\u00f3n no reglada - Licencias de Apertura y Actividad\" \/>\n<meta property=\"og:description\" content=\"&nbsp; La declaraci\u00f3n responsable para una academia de formaci\u00f3n no reglada es el procedimiento administrativo que te permite iniciar tu [&hellip;]\" \/>\n<meta property=\"og:url\" content=\"https:\/\/www.madridlicencias.com\/blog\/guia-completa-para-la-declaracion-responsable-de-una-academia-de-formacion-no-reglada\/\" \/>\n<meta property=\"og:site_name\" content=\"Licencias de Apertura y Actividad\" \/>\n<meta property=\"article:publisher\" content=\"https:\/\/www.facebook.com\/ArquitectosVillanueva\" \/>\n<meta property=\"article:author\" content=\"https:\/\/www.facebook.com\/ArquitectosVillanueva\" \/>\n<meta property=\"article:published_time\" content=\"2026-04-28T07:16:00+00:00\" \/>\n<meta property=\"og:image\" content=\"https:\/\/www.madridlicencias.com\/blog\/wp-content\/uploads\/Vademecum-exhaustivo-atestacion-compromiso-instituto-ensenanza-no-oficial.png\" \/>\n\t<meta property=\"og:image:width\" content=\"1408\" \/>\n\t<meta property=\"og:image:height\" content=\"768\" \/>\n\t<meta property=\"og:image:type\" content=\"image\/png\" \/>\n<meta name=\"author\" content=\"Gorka Villanueva\" \/>\n<meta name=\"twitter:card\" content=\"summary_large_image\" \/>\n<meta name=\"twitter:creator\" content=\"@gorkavillanueva\" \/>\n<meta name=\"twitter:site\" content=\"@gorkavillanueva\" \/>\n<meta name=\"twitter:label1\" content=\"Escrito por\" \/>\n\t<meta name=\"twitter:data1\" content=\"Gorka Villanueva\" \/>\n\t<meta name=\"twitter:label2\" content=\"Tiempo de lectura\" \/>\n\t<meta name=\"twitter:data2\" content=\"10 minutos\" \/>\n<script type=\"application\/ld+json\" class=\"yoast-schema-graph\">{\"@context\":\"https:\\\/\\\/schema.org\",\"@graph\":[{\"@type\":\"Article\",\"@id\":\"https:\\\/\\\/www.madridlicencias.com\\\/blog\\\/guia-completa-para-la-declaracion-responsable-de-una-academia-de-formacion-no-reglada\\\/#article\",\"isPartOf\":{\"@id\":\"https:\\\/\\\/www.madridlicencias.com\\\/blog\\\/guia-completa-para-la-declaracion-responsable-de-una-academia-de-formacion-no-reglada\\\/\"},\"author\":{\"name\":\"Gorka Villanueva\",\"@id\":\"https:\\\/\\\/www.madridlicencias.com\\\/blog\\\/#\\\/schema\\\/person\\\/33c4a38b2dfdf1309dd9a667d142c13c\"},\"headline\":\"Gu\u00eda completa para la declaraci\u00f3n responsable de una academia de formaci\u00f3n no reglada\",\"datePublished\":\"2026-04-28T07:16:00+00:00\",\"mainEntityOfPage\":{\"@id\":\"https:\\\/\\\/www.madridlicencias.com\\\/blog\\\/guia-completa-para-la-declaracion-responsable-de-una-academia-de-formacion-no-reglada\\\/\"},\"wordCount\":2015,\"commentCount\":0,\"publisher\":{\"@id\":\"https:\\\/\\\/www.madridlicencias.com\\\/blog\\\/#\\\/schema\\\/person\\\/33c4a38b2dfdf1309dd9a667d142c13c\"},\"image\":{\"@id\":\"https:\\\/\\\/www.madridlicencias.com\\\/blog\\\/guia-completa-para-la-declaracion-responsable-de-una-academia-de-formacion-no-reglada\\\/#primaryimage\"},\"thumbnailUrl\":\"https:\\\/\\\/www.madridlicencias.com\\\/blog\\\/wp-content\\\/uploads\\\/Vademecum-exhaustivo-atestacion-compromiso-instituto-ensenanza-no-oficial.png\",\"keywords\":[\"declaracion responsable\",\"DR actividades\",\"ECU\",\"Entidad de Colaboraci\u00f3n Urban\u00edstica\",\"licencia actividad\",\"licencia de apertura\",\"licencia de funcionamiento\",\"licencia de obra\",\"solicitud vado\"],\"articleSection\":[\"Apertura\",\"Declaracion Responsable\",\"Licencia Actividad\",\"Licencia Apertura\",\"Licencias\"],\"inLanguage\":\"es\",\"potentialAction\":[{\"@type\":\"CommentAction\",\"name\":\"Comment\",\"target\":[\"https:\\\/\\\/www.madridlicencias.com\\\/blog\\\/guia-completa-para-la-declaracion-responsable-de-una-academia-de-formacion-no-reglada\\\/#respond\"]}]},{\"@type\":\"WebPage\",\"@id\":\"https:\\\/\\\/www.madridlicencias.com\\\/blog\\\/guia-completa-para-la-declaracion-responsable-de-una-academia-de-formacion-no-reglada\\\/\",\"url\":\"https:\\\/\\\/www.madridlicencias.com\\\/blog\\\/guia-completa-para-la-declaracion-responsable-de-una-academia-de-formacion-no-reglada\\\/\",\"name\":\"Gu\u00eda completa para la declaraci\u00f3n responsable de una academia de formaci\u00f3n no reglada - Licencias de Apertura y Actividad\",\"isPartOf\":{\"@id\":\"https:\\\/\\\/www.madridlicencias.com\\\/blog\\\/#website\"},\"primaryImageOfPage\":{\"@id\":\"https:\\\/\\\/www.madridlicencias.com\\\/blog\\\/guia-completa-para-la-declaracion-responsable-de-una-academia-de-formacion-no-reglada\\\/#primaryimage\"},\"image\":{\"@id\":\"https:\\\/\\\/www.madridlicencias.com\\\/blog\\\/guia-completa-para-la-declaracion-responsable-de-una-academia-de-formacion-no-reglada\\\/#primaryimage\"},\"thumbnailUrl\":\"https:\\\/\\\/www.madridlicencias.com\\\/blog\\\/wp-content\\\/uploads\\\/Vademecum-exhaustivo-atestacion-compromiso-instituto-ensenanza-no-oficial.png\",\"datePublished\":\"2026-04-28T07:16:00+00:00\",\"breadcrumb\":{\"@id\":\"https:\\\/\\\/www.madridlicencias.com\\\/blog\\\/guia-completa-para-la-declaracion-responsable-de-una-academia-de-formacion-no-reglada\\\/#breadcrumb\"},\"inLanguage\":\"es\",\"potentialAction\":[{\"@type\":\"ReadAction\",\"target\":[\"https:\\\/\\\/www.madridlicencias.com\\\/blog\\\/guia-completa-para-la-declaracion-responsable-de-una-academia-de-formacion-no-reglada\\\/\"]}]},{\"@type\":\"ImageObject\",\"inLanguage\":\"es\",\"@id\":\"https:\\\/\\\/www.madridlicencias.com\\\/blog\\\/guia-completa-para-la-declaracion-responsable-de-una-academia-de-formacion-no-reglada\\\/#primaryimage\",\"url\":\"https:\\\/\\\/www.madridlicencias.com\\\/blog\\\/wp-content\\\/uploads\\\/Vademecum-exhaustivo-atestacion-compromiso-instituto-ensenanza-no-oficial.png\",\"contentUrl\":\"https:\\\/\\\/www.madridlicencias.com\\\/blog\\\/wp-content\\\/uploads\\\/Vademecum-exhaustivo-atestacion-compromiso-instituto-ensenanza-no-oficial.png\",\"width\":1408,\"height\":768},{\"@type\":\"BreadcrumbList\",\"@id\":\"https:\\\/\\\/www.madridlicencias.com\\\/blog\\\/guia-completa-para-la-declaracion-responsable-de-una-academia-de-formacion-no-reglada\\\/#breadcrumb\",\"itemListElement\":[{\"@type\":\"ListItem\",\"position\":1,\"name\":\"Portada\",\"item\":\"https:\\\/\\\/www.madridlicencias.com\\\/blog\\\/\"},{\"@type\":\"ListItem\",\"position\":2,\"name\":\"Gu\u00eda completa para la declaraci\u00f3n responsable de una academia de formaci\u00f3n no reglada\"}]},{\"@type\":\"WebSite\",\"@id\":\"https:\\\/\\\/www.madridlicencias.com\\\/blog\\\/#website\",\"url\":\"https:\\\/\\\/www.madridlicencias.com\\\/blog\\\/\",\"name\":\"Licencias de Apertura y Actividad\",\"description\":\"Especializados en la tramitaci\u00f3n de licencias de actividad, licencias de apertura y declaraciones responsables. Resolvemos todas tus dudas sobre c\u00f3mo obtener tu licencia de funcionamiento y gestionar los tr\u00e1mites con el Ayuntamiento. Somos expertos en la gesti\u00f3n de aperturas de negocios. Este espacio est\u00e1 dise\u00f1ado para guiarte en el complejo mundo de las licencias de actividad y la burocracia urban\u00edstica. Aqu\u00ed encontrar\u00e1s an\u00e1lisis de normativa, gu\u00edas de procedimiento y ejemplos pr\u00e1cticos para tu negocio o local. Convierte tu proyecto en realidad con informaci\u00f3n t\u00e9cnica actualizada y fiable.\",\"publisher\":{\"@id\":\"https:\\\/\\\/www.madridlicencias.com\\\/blog\\\/#\\\/schema\\\/person\\\/33c4a38b2dfdf1309dd9a667d142c13c\"},\"potentialAction\":[{\"@type\":\"SearchAction\",\"target\":{\"@type\":\"EntryPoint\",\"urlTemplate\":\"https:\\\/\\\/www.madridlicencias.com\\\/blog\\\/?s={search_term_string}\"},\"query-input\":{\"@type\":\"PropertyValueSpecification\",\"valueRequired\":true,\"valueName\":\"search_term_string\"}}],\"inLanguage\":\"es\"},{\"@type\":[\"Person\",\"Organization\"],\"@id\":\"https:\\\/\\\/www.madridlicencias.com\\\/blog\\\/#\\\/schema\\\/person\\\/33c4a38b2dfdf1309dd9a667d142c13c\",\"name\":\"Gorka Villanueva\",\"image\":{\"@type\":\"ImageObject\",\"inLanguage\":\"es\",\"@id\":\"https:\\\/\\\/secure.gravatar.com\\\/avatar\\\/2b22df0b555528a455bd6d7a4d62706746a36d31559440cca3a43072b34ff7ad?s=96&d=mm&r=g\",\"url\":\"https:\\\/\\\/secure.gravatar.com\\\/avatar\\\/2b22df0b555528a455bd6d7a4d62706746a36d31559440cca3a43072b34ff7ad?s=96&d=mm&r=g\",\"contentUrl\":\"https:\\\/\\\/secure.gravatar.com\\\/avatar\\\/2b22df0b555528a455bd6d7a4d62706746a36d31559440cca3a43072b34ff7ad?s=96&d=mm&r=g\",\"caption\":\"Gorka Villanueva\"},\"logo\":{\"@id\":\"https:\\\/\\\/secure.gravatar.com\\\/avatar\\\/2b22df0b555528a455bd6d7a4d62706746a36d31559440cca3a43072b34ff7ad?s=96&d=mm&r=g\"},\"sameAs\":[\"http:\\\/\\\/www.madridlicencias.com\",\"https:\\\/\\\/www.facebook.com\\\/ArquitectosVillanueva\",\"https:\\\/\\\/www.linkedin.com\\\/in\\\/gorkavilla\\\/\"],\"url\":\"https:\\\/\\\/www.madridlicencias.com\\\/blog\\\/author\\\/madridli\\\/\"}]}<\/script>\n<!-- \/ Yoast SEO plugin. -->","yoast_head_json":{"title":"Gu\u00eda completa para la declaraci\u00f3n responsable de una academia de formaci\u00f3n no reglada - Licencias de Apertura y Actividad","robots":{"index":"index","follow":"follow","max-snippet":"max-snippet:-1","max-image-preview":"max-image-preview:large","max-video-preview":"max-video-preview:-1"},"canonical":"https:\/\/www.madridlicencias.com\/blog\/guia-completa-para-la-declaracion-responsable-de-una-academia-de-formacion-no-reglada\/","og_locale":"es_ES","og_type":"article","og_title":"Gu\u00eda completa para la declaraci\u00f3n responsable de una academia de formaci\u00f3n no reglada - Licencias de Apertura y Actividad","og_description":"&nbsp; La declaraci\u00f3n responsable para una academia de formaci\u00f3n no reglada es el procedimiento administrativo que te permite iniciar tu [&hellip;]","og_url":"https:\/\/www.madridlicencias.com\/blog\/guia-completa-para-la-declaracion-responsable-de-una-academia-de-formacion-no-reglada\/","og_site_name":"Licencias de Apertura y Actividad","article_publisher":"https:\/\/www.facebook.com\/ArquitectosVillanueva","article_author":"https:\/\/www.facebook.com\/ArquitectosVillanueva","article_published_time":"2026-04-28T07:16:00+00:00","og_image":[{"width":1408,"height":768,"url":"https:\/\/www.madridlicencias.com\/blog\/wp-content\/uploads\/Vademecum-exhaustivo-atestacion-compromiso-instituto-ensenanza-no-oficial.png","type":"image\/png"}],"author":"Gorka Villanueva","twitter_card":"summary_large_image","twitter_creator":"@gorkavillanueva","twitter_site":"@gorkavillanueva","twitter_misc":{"Escrito por":"Gorka Villanueva","Tiempo de lectura":"10 minutos"},"schema":{"@context":"https:\/\/schema.org","@graph":[{"@type":"Article","@id":"https:\/\/www.madridlicencias.com\/blog\/guia-completa-para-la-declaracion-responsable-de-una-academia-de-formacion-no-reglada\/#article","isPartOf":{"@id":"https:\/\/www.madridlicencias.com\/blog\/guia-completa-para-la-declaracion-responsable-de-una-academia-de-formacion-no-reglada\/"},"author":{"name":"Gorka Villanueva","@id":"https:\/\/www.madridlicencias.com\/blog\/#\/schema\/person\/33c4a38b2dfdf1309dd9a667d142c13c"},"headline":"Gu\u00eda completa para la declaraci\u00f3n responsable de una academia de formaci\u00f3n no reglada","datePublished":"2026-04-28T07:16:00+00:00","mainEntityOfPage":{"@id":"https:\/\/www.madridlicencias.com\/blog\/guia-completa-para-la-declaracion-responsable-de-una-academia-de-formacion-no-reglada\/"},"wordCount":2015,"commentCount":0,"publisher":{"@id":"https:\/\/www.madridlicencias.com\/blog\/#\/schema\/person\/33c4a38b2dfdf1309dd9a667d142c13c"},"image":{"@id":"https:\/\/www.madridlicencias.com\/blog\/guia-completa-para-la-declaracion-responsable-de-una-academia-de-formacion-no-reglada\/#primaryimage"},"thumbnailUrl":"https:\/\/www.madridlicencias.com\/blog\/wp-content\/uploads\/Vademecum-exhaustivo-atestacion-compromiso-instituto-ensenanza-no-oficial.png","keywords":["declaracion responsable","DR actividades","ECU","Entidad de Colaboraci\u00f3n Urban\u00edstica","licencia actividad","licencia de apertura","licencia de funcionamiento","licencia de obra","solicitud vado"],"articleSection":["Apertura","Declaracion Responsable","Licencia Actividad","Licencia Apertura","Licencias"],"inLanguage":"es","potentialAction":[{"@type":"CommentAction","name":"Comment","target":["https:\/\/www.madridlicencias.com\/blog\/guia-completa-para-la-declaracion-responsable-de-una-academia-de-formacion-no-reglada\/#respond"]}]},{"@type":"WebPage","@id":"https:\/\/www.madridlicencias.com\/blog\/guia-completa-para-la-declaracion-responsable-de-una-academia-de-formacion-no-reglada\/","url":"https:\/\/www.madridlicencias.com\/blog\/guia-completa-para-la-declaracion-responsable-de-una-academia-de-formacion-no-reglada\/","name":"Gu\u00eda completa para la declaraci\u00f3n responsable de una academia de formaci\u00f3n no reglada - Licencias de Apertura y Actividad","isPartOf":{"@id":"https:\/\/www.madridlicencias.com\/blog\/#website"},"primaryImageOfPage":{"@id":"https:\/\/www.madridlicencias.com\/blog\/guia-completa-para-la-declaracion-responsable-de-una-academia-de-formacion-no-reglada\/#primaryimage"},"image":{"@id":"https:\/\/www.madridlicencias.com\/blog\/guia-completa-para-la-declaracion-responsable-de-una-academia-de-formacion-no-reglada\/#primaryimage"},"thumbnailUrl":"https:\/\/www.madridlicencias.com\/blog\/wp-content\/uploads\/Vademecum-exhaustivo-atestacion-compromiso-instituto-ensenanza-no-oficial.png","datePublished":"2026-04-28T07:16:00+00:00","breadcrumb":{"@id":"https:\/\/www.madridlicencias.com\/blog\/guia-completa-para-la-declaracion-responsable-de-una-academia-de-formacion-no-reglada\/#breadcrumb"},"inLanguage":"es","potentialAction":[{"@type":"ReadAction","target":["https:\/\/www.madridlicencias.com\/blog\/guia-completa-para-la-declaracion-responsable-de-una-academia-de-formacion-no-reglada\/"]}]},{"@type":"ImageObject","inLanguage":"es","@id":"https:\/\/www.madridlicencias.com\/blog\/guia-completa-para-la-declaracion-responsable-de-una-academia-de-formacion-no-reglada\/#primaryimage","url":"https:\/\/www.madridlicencias.com\/blog\/wp-content\/uploads\/Vademecum-exhaustivo-atestacion-compromiso-instituto-ensenanza-no-oficial.png","contentUrl":"https:\/\/www.madridlicencias.com\/blog\/wp-content\/uploads\/Vademecum-exhaustivo-atestacion-compromiso-instituto-ensenanza-no-oficial.png","width":1408,"height":768},{"@type":"BreadcrumbList","@id":"https:\/\/www.madridlicencias.com\/blog\/guia-completa-para-la-declaracion-responsable-de-una-academia-de-formacion-no-reglada\/#breadcrumb","itemListElement":[{"@type":"ListItem","position":1,"name":"Portada","item":"https:\/\/www.madridlicencias.com\/blog\/"},{"@type":"ListItem","position":2,"name":"Gu\u00eda completa para la declaraci\u00f3n responsable de una academia de formaci\u00f3n no reglada"}]},{"@type":"WebSite","@id":"https:\/\/www.madridlicencias.com\/blog\/#website","url":"https:\/\/www.madridlicencias.com\/blog\/","name":"Licencias de Apertura y Actividad","description":"Especializados en la tramitaci\u00f3n de licencias de actividad, licencias de apertura y declaraciones responsables. Resolvemos todas tus dudas sobre c\u00f3mo obtener tu licencia de funcionamiento y gestionar los tr\u00e1mites con el Ayuntamiento. Somos expertos en la gesti\u00f3n de aperturas de negocios. Este espacio est\u00e1 dise\u00f1ado para guiarte en el complejo mundo de las licencias de actividad y la burocracia urban\u00edstica. Aqu\u00ed encontrar\u00e1s an\u00e1lisis de normativa, gu\u00edas de procedimiento y ejemplos pr\u00e1cticos para tu negocio o local. Convierte tu proyecto en realidad con informaci\u00f3n t\u00e9cnica actualizada y fiable.","publisher":{"@id":"https:\/\/www.madridlicencias.com\/blog\/#\/schema\/person\/33c4a38b2dfdf1309dd9a667d142c13c"},"potentialAction":[{"@type":"SearchAction","target":{"@type":"EntryPoint","urlTemplate":"https:\/\/www.madridlicencias.com\/blog\/?s={search_term_string}"},"query-input":{"@type":"PropertyValueSpecification","valueRequired":true,"valueName":"search_term_string"}}],"inLanguage":"es"},{"@type":["Person","Organization"],"@id":"https:\/\/www.madridlicencias.com\/blog\/#\/schema\/person\/33c4a38b2dfdf1309dd9a667d142c13c","name":"Gorka Villanueva","image":{"@type":"ImageObject","inLanguage":"es","@id":"https:\/\/secure.gravatar.com\/avatar\/2b22df0b555528a455bd6d7a4d62706746a36d31559440cca3a43072b34ff7ad?s=96&d=mm&r=g","url":"https:\/\/secure.gravatar.com\/avatar\/2b22df0b555528a455bd6d7a4d62706746a36d31559440cca3a43072b34ff7ad?s=96&d=mm&r=g","contentUrl":"https:\/\/secure.gravatar.com\/avatar\/2b22df0b555528a455bd6d7a4d62706746a36d31559440cca3a43072b34ff7ad?s=96&d=mm&r=g","caption":"Gorka Villanueva"},"logo":{"@id":"https:\/\/secure.gravatar.com\/avatar\/2b22df0b555528a455bd6d7a4d62706746a36d31559440cca3a43072b34ff7ad?s=96&d=mm&r=g"},"sameAs":["http:\/\/www.madridlicencias.com","https:\/\/www.facebook.com\/ArquitectosVillanueva","https:\/\/www.linkedin.com\/in\/gorkavilla\/"],"url":"https:\/\/www.madridlicencias.com\/blog\/author\/madridli\/"}]}},"_links":{"self":[{"href":"https:\/\/www.madridlicencias.com\/blog\/wp-json\/wp\/v2\/posts\/4552","targetHints":{"allow":["GET"]}}],"collection":[{"href":"https:\/\/www.madridlicencias.com\/blog\/wp-json\/wp\/v2\/posts"}],"about":[{"href":"https:\/\/www.madridlicencias.com\/blog\/wp-json\/wp\/v2\/types\/post"}],"author":[{"embeddable":true,"href":"https:\/\/www.madridlicencias.com\/blog\/wp-json\/wp\/v2\/users\/1"}],"replies":[{"embeddable":true,"href":"https:\/\/www.madridlicencias.com\/blog\/wp-json\/wp\/v2\/comments?post=4552"}],"version-history":[{"count":1,"href":"https:\/\/www.madridlicencias.com\/blog\/wp-json\/wp\/v2\/posts\/4552\/revisions"}],"predecessor-version":[{"id":4554,"href":"https:\/\/www.madridlicencias.com\/blog\/wp-json\/wp\/v2\/posts\/4552\/revisions\/4554"}],"wp:featuredmedia":[{"embeddable":true,"href":"https:\/\/www.madridlicencias.com\/blog\/wp-json\/wp\/v2\/media\/4548"}],"wp:attachment":[{"href":"https:\/\/www.madridlicencias.com\/blog\/wp-json\/wp\/v2\/media?parent=4552"}],"wp:term":[{"taxonomy":"category","embeddable":true,"href":"https:\/\/www.madridlicencias.com\/blog\/wp-json\/wp\/v2\/categories?post=4552"},{"taxonomy":"post_tag","embeddable":true,"href":"https:\/\/www.madridlicencias.com\/blog\/wp-json\/wp\/v2\/tags?post=4552"}],"curies":[{"name":"wp","href":"https:\/\/api.w.org\/{rel}","templated":true}]}}