{"id":82,"date":"2019-11-06T18:00:13","date_gmt":"2019-11-06T16:00:13","guid":{"rendered":"http:\/\/www.madridlicencias.com\/blog\/?p=82"},"modified":"2016-02-26T01:12:49","modified_gmt":"2016-02-25T23:12:49","slug":"normativa-para-instalar-aire-acondicionado","status":"publish","type":"post","link":"https:\/\/www.madridlicencias.com\/blog\/normativa-para-instalar-aire-acondicionado\/","title":{"rendered":"Normativa para instalar aire acondicionado"},"content":{"rendered":"<p style=\"text-align: justify;\">CONSIDERACIONES A TENER EN CUENTA A LA HORA DE INSTALAR UNA MAQUINA DE AIRE ACONDICIONADO EN UN LOCAL<a href=\"http:\/\/www.madridlicencias.com\/blog\/wp-content\/uploads\/aire-acondicionado-fachada.jpg\"><img loading=\"lazy\" decoding=\"async\" class=\"aligncenter size-full wp-image-84\" src=\"http:\/\/www.madridlicencias.com\/blog\/wp-content\/uploads\/aire-acondicionado-fachada.jpg\" alt=\"aire acondicionado fachada\" width=\"2048\" height=\"1360\" srcset=\"https:\/\/www.madridlicencias.com\/blog\/wp-content\/uploads\/aire-acondicionado-fachada.jpg 2048w, https:\/\/www.madridlicencias.com\/blog\/wp-content\/uploads\/aire-acondicionado-fachada-300x199.jpg 300w, https:\/\/www.madridlicencias.com\/blog\/wp-content\/uploads\/aire-acondicionado-fachada-768x510.jpg 768w, https:\/\/www.madridlicencias.com\/blog\/wp-content\/uploads\/aire-acondicionado-fachada-1024x680.jpg 1024w\" sizes=\"auto, (max-width: 2048px) 100vw, 2048px\" \/><\/a><\/p>\n<div class=\"entry\">\n<p style=\"text-align: justify;\">Cuando de plantea la instalaci\u00f3n individual de <strong>aire acondicionado<\/strong> o climatizaci\u00f3n en un local, a la hora de solicitar la correspondiente <a href=\"http:\/\/www.madridlicencias.com\/blog\/precio-de-una-licencia-de-actividad-y-apertura\/\">licencia<\/a>, se debe de indicar en la documentaci\u00f3n a entregar una serie de datos:<br \/>\n\u2022 Las <strong>caracter\u00edsticas del equipo<\/strong> (marca, modelo, caudal de aire evacuado\u2026).<br \/>\n\u2022 Aportar su <strong>cat\u00e1logo<\/strong> de fabricante (donde se refleje el caudal evacuado, m3\/s)<br \/>\n\u2022 <strong>Fotograf\u00eda<\/strong> de la fachada.<\/p>\n<p style=\"text-align: justify;\">Adem\u00e1s de lo anterior, se deber\u00e1 reflejar su instalaci\u00f3n en los <strong>planos<\/strong> que se aporten, acotando la situaci\u00f3n condensadora o rejilla de evacuaci\u00f3n de aire respecto de las ventanas u otros huecos existentes en fachada, o fachadas enfrentadas, su distancia respecto a otras instalaciones&#8230;<\/p>\n<p style=\"text-align: justify;\"><a href=\"http:\/\/www.madridlicencias.com\/blog\/wp-content\/uploads\/aire-acondicionado-cubierta.jpg\"><img loading=\"lazy\" decoding=\"async\" class=\"aligncenter size-full wp-image-83\" src=\"http:\/\/www.madridlicencias.com\/blog\/wp-content\/uploads\/aire-acondicionado-cubierta.jpg\" alt=\"aire acondicionado cubierta\" width=\"1600\" height=\"1200\" srcset=\"https:\/\/www.madridlicencias.com\/blog\/wp-content\/uploads\/aire-acondicionado-cubierta.jpg 1600w, https:\/\/www.madridlicencias.com\/blog\/wp-content\/uploads\/aire-acondicionado-cubierta-300x225.jpg 300w, https:\/\/www.madridlicencias.com\/blog\/wp-content\/uploads\/aire-acondicionado-cubierta-1024x768.jpg 1024w\" sizes=\"auto, (max-width: 1600px) 100vw, 1600px\" \/><\/a><\/p>\n<p style=\"text-align: justify;\">Si la unidad de climatizaci\u00f3n supera el caudal de <strong>1m3\/seg<\/strong>, o son dos unidades con rejillas separadas por menos de 5 metros es decir, cuyos caudales suman m\u00e1s de 1m3\/seg, las unidades deber\u00e1n situarse en la cubierta del edificio, y el plano que deber\u00e1 aportarse es el de su situaci\u00f3n en cubierta cumpliendo el r\u00e9gimen de distancias establecido para el mismo en la Ordenanza General de Protecci\u00f3n del Medio Ambiente Urbano.<\/p>\n<\/div>\n\n\n<div class=\"kk-star-ratings kksr-auto kksr-align-left kksr-valign-bottom\"\n    data-payload='{&quot;align&quot;:&quot;left&quot;,&quot;id&quot;:&quot;82&quot;,&quot;slug&quot;:&quot;default&quot;,&quot;valign&quot;:&quot;bottom&quot;,&quot;ignore&quot;:&quot;&quot;,&quot;reference&quot;:&quot;auto&quot;,&quot;class&quot;:&quot;&quot;,&quot;count&quot;:&quot;31&quot;,&quot;legendonly&quot;:&quot;&quot;,&quot;readonly&quot;:&quot;&quot;,&quot;score&quot;:&quot;4.6&quot;,&quot;starsonly&quot;:&quot;&quot;,&quot;best&quot;:&quot;5&quot;,&quot;gap&quot;:&quot;4&quot;,&quot;greet&quot;:&quot;&quot;,&quot;legend&quot;:&quot;4.6\\\/5 - (31 votos)&quot;,&quot;size&quot;:&quot;24&quot;,&quot;title&quot;:&quot;Normativa para instalar aire acondicionado&quot;,&quot;width&quot;:&quot;126.8&quot;,&quot;_legend&quot;:&quot;{score}\\\/{best} - ({count} {votes})&quot;,&quot;font_factor&quot;:&quot;1.25&quot;}'>\n            \n<div class=\"kksr-stars\">\n    \n<div class=\"kksr-stars-inactive\">\n            <div class=\"kksr-star\" data-star=\"1\" style=\"padding-right: 4px\">\n            \n\n<div class=\"kksr-icon\" style=\"width: 24px; height: 24px;\"><\/div>\n        <\/div>\n            <div class=\"kksr-star\" data-star=\"2\" style=\"padding-right: 4px\">\n            \n\n<div class=\"kksr-icon\" style=\"width: 24px; height: 24px;\"><\/div>\n        <\/div>\n            <div class=\"kksr-star\" data-star=\"3\" style=\"padding-right: 4px\">\n            \n\n<div class=\"kksr-icon\" style=\"width: 24px; height: 24px;\"><\/div>\n        <\/div>\n            <div class=\"kksr-star\" data-star=\"4\" style=\"padding-right: 4px\">\n            \n\n<div class=\"kksr-icon\" style=\"width: 24px; height: 24px;\"><\/div>\n        <\/div>\n            <div class=\"kksr-star\" data-star=\"5\" style=\"padding-right: 4px\">\n            \n\n<div class=\"kksr-icon\" style=\"width: 24px; height: 24px;\"><\/div>\n        <\/div>\n    <\/div>\n    \n<div class=\"kksr-stars-active\" style=\"width: 126.8px;\">\n            <div class=\"kksr-star\" style=\"padding-right: 4px\">\n            \n\n<div class=\"kksr-icon\" style=\"width: 24px; height: 24px;\"><\/div>\n        <\/div>\n            <div class=\"kksr-star\" style=\"padding-right: 4px\">\n            \n\n<div class=\"kksr-icon\" style=\"width: 24px; height: 24px;\"><\/div>\n        <\/div>\n            <div class=\"kksr-star\" style=\"padding-right: 4px\">\n            \n\n<div class=\"kksr-icon\" style=\"width: 24px; height: 24px;\"><\/div>\n        <\/div>\n            <div class=\"kksr-star\" style=\"padding-right: 4px\">\n            \n\n<div class=\"kksr-icon\" style=\"width: 24px; height: 24px;\"><\/div>\n        <\/div>\n            <div class=\"kksr-star\" style=\"padding-right: 4px\">\n            \n\n<div class=\"kksr-icon\" style=\"width: 24px; height: 24px;\"><\/div>\n        <\/div>\n    <\/div>\n<\/div>\n                \n\n<div class=\"kksr-legend\" style=\"font-size: 19.2px;\">\n            4.6\/5 - (31 votos)    <\/div>\n    <\/div>\n<p id=\"bte_opp\"><small><\/small><\/p>","protected":false},"excerpt":{"rendered":"<p>CONSIDERACIONES A TENER EN CUENTA A LA HORA DE INSTALAR UNA MAQUINA DE AIRE ACONDICIONADO EN UN LOCAL Cuando de [&hellip;]<\/p>\n","protected":false},"author":1,"featured_media":84,"comment_status":"open","ping_status":"open","sticky":false,"template":"","format":"standard","meta":{"rop_custom_images_group":[],"rop_custom_messages_group":[],"rop_publish_now":"initial","rop_publish_now_accounts":{"twitter_17708481_17708481":""},"rop_publish_now_history":[],"rop_publish_now_status":"pending","footnotes":""},"categories":[34],"tags":[46,42,45,43,44],"class_list":["post-82","post","type-post","status-publish","format-standard","has-post-thumbnail","hentry","category-normativa","tag-aire","tag-aire-acondicionado","tag-caudal","tag-climatizacion","tag-ventilacion"],"yoast_head":"<!-- This site is optimized with the Yoast SEO plugin v27.5 - https:\/\/yoast.com\/product\/yoast-seo-wordpress\/ -->\n<title>NORMATIVA PARA INSTALAR AIRE ACONDICIONADO<\/title>\n<meta name=\"description\" content=\"Cuando se instala el aire acondicionado en un local, a la hora de solicitar la correspondiente licencia, debemos indicar en la documentaci\u00f3n a entregar...\" \/>\n<meta name=\"robots\" content=\"index, follow, max-snippet:-1, max-image-preview:large, max-video-preview:-1\" \/>\n<link rel=\"canonical\" href=\"https:\/\/www.madridlicencias.com\/blog\/normativa-para-instalar-aire-acondicionado\/\" \/>\n<meta property=\"og:locale\" content=\"es_ES\" \/>\n<meta property=\"og:type\" content=\"article\" \/>\n<meta property=\"og:title\" content=\"NORMATIVA PARA INSTALAR AIRE ACONDICIONADO\" \/>\n<meta property=\"og:description\" content=\"Cuando se instala el aire acondicionado en un local, a la hora de solicitar la correspondiente licencia, debemos indicar en la documentaci\u00f3n a entregar...\" \/>\n<meta property=\"og:url\" content=\"https:\/\/www.madridlicencias.com\/blog\/normativa-para-instalar-aire-acondicionado\/\" \/>\n<meta property=\"og:site_name\" content=\"Licencias de Apertura y Actividad\" \/>\n<meta property=\"article:publisher\" content=\"https:\/\/www.facebook.com\/ArquitectosVillanueva\" \/>\n<meta property=\"article:author\" content=\"https:\/\/www.facebook.com\/ArquitectosVillanueva\" \/>\n<meta property=\"article:published_time\" content=\"2019-11-06T16:00:13+00:00\" \/>\n<meta property=\"og:image\" content=\"https:\/\/www.madridlicencias.com\/blog\/wp-content\/uploads\/aire-acondicionado-fachada.jpg\" \/>\n\t<meta property=\"og:image:width\" content=\"2048\" \/>\n\t<meta property=\"og:image:height\" content=\"1360\" \/>\n\t<meta property=\"og:image:type\" content=\"image\/jpeg\" \/>\n<meta name=\"author\" content=\"Gorka Villanueva\" \/>\n<meta name=\"twitter:card\" content=\"summary_large_image\" \/>\n<meta name=\"twitter:creator\" content=\"@gorkavillanueva\" \/>\n<meta name=\"twitter:site\" content=\"@gorkavillanueva\" \/>\n<meta name=\"twitter:label1\" content=\"Escrito por\" \/>\n\t<meta name=\"twitter:data1\" content=\"Gorka Villanueva\" \/>\n\t<meta name=\"twitter:label2\" content=\"Tiempo de lectura\" \/>\n\t<meta name=\"twitter:data2\" content=\"1 minuto\" \/>\n<script type=\"application\/ld+json\" class=\"yoast-schema-graph\">{\"@context\":\"https:\\\/\\\/schema.org\",\"@graph\":[{\"@type\":\"Article\",\"@id\":\"https:\\\/\\\/www.madridlicencias.com\\\/blog\\\/normativa-para-instalar-aire-acondicionado\\\/#article\",\"isPartOf\":{\"@id\":\"https:\\\/\\\/www.madridlicencias.com\\\/blog\\\/normativa-para-instalar-aire-acondicionado\\\/\"},\"author\":{\"name\":\"Gorka Villanueva\",\"@id\":\"https:\\\/\\\/www.madridlicencias.com\\\/blog\\\/#\\\/schema\\\/person\\\/33c4a38b2dfdf1309dd9a667d142c13c\"},\"headline\":\"Normativa para instalar aire acondicionado\",\"datePublished\":\"2019-11-06T16:00:13+00:00\",\"mainEntityOfPage\":{\"@id\":\"https:\\\/\\\/www.madridlicencias.com\\\/blog\\\/normativa-para-instalar-aire-acondicionado\\\/\"},\"wordCount\":217,\"commentCount\":0,\"publisher\":{\"@id\":\"https:\\\/\\\/www.madridlicencias.com\\\/blog\\\/#\\\/schema\\\/person\\\/33c4a38b2dfdf1309dd9a667d142c13c\"},\"image\":{\"@id\":\"https:\\\/\\\/www.madridlicencias.com\\\/blog\\\/normativa-para-instalar-aire-acondicionado\\\/#primaryimage\"},\"thumbnailUrl\":\"https:\\\/\\\/www.madridlicencias.com\\\/blog\\\/wp-content\\\/uploads\\\/aire-acondicionado-fachada.jpg\",\"keywords\":[\"aire\",\"aire acondicionado\",\"caudal\",\"climatizacion\",\"ventilacion\"],\"articleSection\":[\"Normativa\"],\"inLanguage\":\"es\",\"potentialAction\":[{\"@type\":\"CommentAction\",\"name\":\"Comment\",\"target\":[\"https:\\\/\\\/www.madridlicencias.com\\\/blog\\\/normativa-para-instalar-aire-acondicionado\\\/#respond\"]}]},{\"@type\":\"WebPage\",\"@id\":\"https:\\\/\\\/www.madridlicencias.com\\\/blog\\\/normativa-para-instalar-aire-acondicionado\\\/\",\"url\":\"https:\\\/\\\/www.madridlicencias.com\\\/blog\\\/normativa-para-instalar-aire-acondicionado\\\/\",\"name\":\"NORMATIVA PARA INSTALAR AIRE ACONDICIONADO\",\"isPartOf\":{\"@id\":\"https:\\\/\\\/www.madridlicencias.com\\\/blog\\\/#website\"},\"primaryImageOfPage\":{\"@id\":\"https:\\\/\\\/www.madridlicencias.com\\\/blog\\\/normativa-para-instalar-aire-acondicionado\\\/#primaryimage\"},\"image\":{\"@id\":\"https:\\\/\\\/www.madridlicencias.com\\\/blog\\\/normativa-para-instalar-aire-acondicionado\\\/#primaryimage\"},\"thumbnailUrl\":\"https:\\\/\\\/www.madridlicencias.com\\\/blog\\\/wp-content\\\/uploads\\\/aire-acondicionado-fachada.jpg\",\"datePublished\":\"2019-11-06T16:00:13+00:00\",\"description\":\"Cuando se instala el aire acondicionado en un local, a la hora de solicitar la correspondiente licencia, debemos indicar en la documentaci\u00f3n a entregar...\",\"breadcrumb\":{\"@id\":\"https:\\\/\\\/www.madridlicencias.com\\\/blog\\\/normativa-para-instalar-aire-acondicionado\\\/#breadcrumb\"},\"inLanguage\":\"es\",\"potentialAction\":[{\"@type\":\"ReadAction\",\"target\":[\"https:\\\/\\\/www.madridlicencias.com\\\/blog\\\/normativa-para-instalar-aire-acondicionado\\\/\"]}]},{\"@type\":\"ImageObject\",\"inLanguage\":\"es\",\"@id\":\"https:\\\/\\\/www.madridlicencias.com\\\/blog\\\/normativa-para-instalar-aire-acondicionado\\\/#primaryimage\",\"url\":\"https:\\\/\\\/www.madridlicencias.com\\\/blog\\\/wp-content\\\/uploads\\\/aire-acondicionado-fachada.jpg\",\"contentUrl\":\"https:\\\/\\\/www.madridlicencias.com\\\/blog\\\/wp-content\\\/uploads\\\/aire-acondicionado-fachada.jpg\",\"width\":2048,\"height\":1360},{\"@type\":\"BreadcrumbList\",\"@id\":\"https:\\\/\\\/www.madridlicencias.com\\\/blog\\\/normativa-para-instalar-aire-acondicionado\\\/#breadcrumb\",\"itemListElement\":[{\"@type\":\"ListItem\",\"position\":1,\"name\":\"Portada\",\"item\":\"https:\\\/\\\/www.madridlicencias.com\\\/blog\\\/\"},{\"@type\":\"ListItem\",\"position\":2,\"name\":\"Normativa para instalar aire acondicionado\"}]},{\"@type\":\"WebSite\",\"@id\":\"https:\\\/\\\/www.madridlicencias.com\\\/blog\\\/#website\",\"url\":\"https:\\\/\\\/www.madridlicencias.com\\\/blog\\\/\",\"name\":\"Licencias de Apertura y Actividad\",\"description\":\"Especializados en la tramitaci\u00f3n de licencias de actividad, licencias de apertura y declaraciones responsables. Resolvemos todas tus dudas sobre c\u00f3mo obtener tu licencia de funcionamiento y gestionar los tr\u00e1mites con el Ayuntamiento. Somos expertos en la gesti\u00f3n de aperturas de negocios. Este espacio est\u00e1 dise\u00f1ado para guiarte en el complejo mundo de las licencias de actividad y la burocracia urban\u00edstica. Aqu\u00ed encontrar\u00e1s an\u00e1lisis de normativa, gu\u00edas de procedimiento y ejemplos pr\u00e1cticos para tu negocio o local. Convierte tu proyecto en realidad con informaci\u00f3n t\u00e9cnica actualizada y fiable.\",\"publisher\":{\"@id\":\"https:\\\/\\\/www.madridlicencias.com\\\/blog\\\/#\\\/schema\\\/person\\\/33c4a38b2dfdf1309dd9a667d142c13c\"},\"potentialAction\":[{\"@type\":\"SearchAction\",\"target\":{\"@type\":\"EntryPoint\",\"urlTemplate\":\"https:\\\/\\\/www.madridlicencias.com\\\/blog\\\/?s={search_term_string}\"},\"query-input\":{\"@type\":\"PropertyValueSpecification\",\"valueRequired\":true,\"valueName\":\"search_term_string\"}}],\"inLanguage\":\"es\"},{\"@type\":[\"Person\",\"Organization\"],\"@id\":\"https:\\\/\\\/www.madridlicencias.com\\\/blog\\\/#\\\/schema\\\/person\\\/33c4a38b2dfdf1309dd9a667d142c13c\",\"name\":\"Gorka Villanueva\",\"image\":{\"@type\":\"ImageObject\",\"inLanguage\":\"es\",\"@id\":\"https:\\\/\\\/secure.gravatar.com\\\/avatar\\\/2b22df0b555528a455bd6d7a4d62706746a36d31559440cca3a43072b34ff7ad?s=96&d=mm&r=g\",\"url\":\"https:\\\/\\\/secure.gravatar.com\\\/avatar\\\/2b22df0b555528a455bd6d7a4d62706746a36d31559440cca3a43072b34ff7ad?s=96&d=mm&r=g\",\"contentUrl\":\"https:\\\/\\\/secure.gravatar.com\\\/avatar\\\/2b22df0b555528a455bd6d7a4d62706746a36d31559440cca3a43072b34ff7ad?s=96&d=mm&r=g\",\"caption\":\"Gorka Villanueva\"},\"logo\":{\"@id\":\"https:\\\/\\\/secure.gravatar.com\\\/avatar\\\/2b22df0b555528a455bd6d7a4d62706746a36d31559440cca3a43072b34ff7ad?s=96&d=mm&r=g\"},\"sameAs\":[\"http:\\\/\\\/www.madridlicencias.com\",\"https:\\\/\\\/www.facebook.com\\\/ArquitectosVillanueva\",\"https:\\\/\\\/www.linkedin.com\\\/in\\\/gorkavilla\\\/\"],\"url\":\"https:\\\/\\\/www.madridlicencias.com\\\/blog\\\/author\\\/madridli\\\/\"}]}<\/script>\n<!-- \/ Yoast SEO plugin. -->","yoast_head_json":{"title":"NORMATIVA PARA INSTALAR AIRE ACONDICIONADO","description":"Cuando se instala el aire acondicionado en un local, a la hora de solicitar la correspondiente licencia, debemos indicar en la documentaci\u00f3n a entregar...","robots":{"index":"index","follow":"follow","max-snippet":"max-snippet:-1","max-image-preview":"max-image-preview:large","max-video-preview":"max-video-preview:-1"},"canonical":"https:\/\/www.madridlicencias.com\/blog\/normativa-para-instalar-aire-acondicionado\/","og_locale":"es_ES","og_type":"article","og_title":"NORMATIVA PARA INSTALAR AIRE ACONDICIONADO","og_description":"Cuando se instala el aire acondicionado en un local, a la hora de solicitar la correspondiente licencia, debemos indicar en la documentaci\u00f3n a entregar...","og_url":"https:\/\/www.madridlicencias.com\/blog\/normativa-para-instalar-aire-acondicionado\/","og_site_name":"Licencias de Apertura y Actividad","article_publisher":"https:\/\/www.facebook.com\/ArquitectosVillanueva","article_author":"https:\/\/www.facebook.com\/ArquitectosVillanueva","article_published_time":"2019-11-06T16:00:13+00:00","og_image":[{"width":2048,"height":1360,"url":"https:\/\/www.madridlicencias.com\/blog\/wp-content\/uploads\/aire-acondicionado-fachada.jpg","type":"image\/jpeg"}],"author":"Gorka Villanueva","twitter_card":"summary_large_image","twitter_creator":"@gorkavillanueva","twitter_site":"@gorkavillanueva","twitter_misc":{"Escrito por":"Gorka Villanueva","Tiempo de lectura":"1 minuto"},"schema":{"@context":"https:\/\/schema.org","@graph":[{"@type":"Article","@id":"https:\/\/www.madridlicencias.com\/blog\/normativa-para-instalar-aire-acondicionado\/#article","isPartOf":{"@id":"https:\/\/www.madridlicencias.com\/blog\/normativa-para-instalar-aire-acondicionado\/"},"author":{"name":"Gorka Villanueva","@id":"https:\/\/www.madridlicencias.com\/blog\/#\/schema\/person\/33c4a38b2dfdf1309dd9a667d142c13c"},"headline":"Normativa para instalar aire acondicionado","datePublished":"2019-11-06T16:00:13+00:00","mainEntityOfPage":{"@id":"https:\/\/www.madridlicencias.com\/blog\/normativa-para-instalar-aire-acondicionado\/"},"wordCount":217,"commentCount":0,"publisher":{"@id":"https:\/\/www.madridlicencias.com\/blog\/#\/schema\/person\/33c4a38b2dfdf1309dd9a667d142c13c"},"image":{"@id":"https:\/\/www.madridlicencias.com\/blog\/normativa-para-instalar-aire-acondicionado\/#primaryimage"},"thumbnailUrl":"https:\/\/www.madridlicencias.com\/blog\/wp-content\/uploads\/aire-acondicionado-fachada.jpg","keywords":["aire","aire acondicionado","caudal","climatizacion","ventilacion"],"articleSection":["Normativa"],"inLanguage":"es","potentialAction":[{"@type":"CommentAction","name":"Comment","target":["https:\/\/www.madridlicencias.com\/blog\/normativa-para-instalar-aire-acondicionado\/#respond"]}]},{"@type":"WebPage","@id":"https:\/\/www.madridlicencias.com\/blog\/normativa-para-instalar-aire-acondicionado\/","url":"https:\/\/www.madridlicencias.com\/blog\/normativa-para-instalar-aire-acondicionado\/","name":"NORMATIVA PARA INSTALAR AIRE ACONDICIONADO","isPartOf":{"@id":"https:\/\/www.madridlicencias.com\/blog\/#website"},"primaryImageOfPage":{"@id":"https:\/\/www.madridlicencias.com\/blog\/normativa-para-instalar-aire-acondicionado\/#primaryimage"},"image":{"@id":"https:\/\/www.madridlicencias.com\/blog\/normativa-para-instalar-aire-acondicionado\/#primaryimage"},"thumbnailUrl":"https:\/\/www.madridlicencias.com\/blog\/wp-content\/uploads\/aire-acondicionado-fachada.jpg","datePublished":"2019-11-06T16:00:13+00:00","description":"Cuando se instala el aire acondicionado en un local, a la hora de solicitar la correspondiente licencia, debemos indicar en la documentaci\u00f3n a entregar...","breadcrumb":{"@id":"https:\/\/www.madridlicencias.com\/blog\/normativa-para-instalar-aire-acondicionado\/#breadcrumb"},"inLanguage":"es","potentialAction":[{"@type":"ReadAction","target":["https:\/\/www.madridlicencias.com\/blog\/normativa-para-instalar-aire-acondicionado\/"]}]},{"@type":"ImageObject","inLanguage":"es","@id":"https:\/\/www.madridlicencias.com\/blog\/normativa-para-instalar-aire-acondicionado\/#primaryimage","url":"https:\/\/www.madridlicencias.com\/blog\/wp-content\/uploads\/aire-acondicionado-fachada.jpg","contentUrl":"https:\/\/www.madridlicencias.com\/blog\/wp-content\/uploads\/aire-acondicionado-fachada.jpg","width":2048,"height":1360},{"@type":"BreadcrumbList","@id":"https:\/\/www.madridlicencias.com\/blog\/normativa-para-instalar-aire-acondicionado\/#breadcrumb","itemListElement":[{"@type":"ListItem","position":1,"name":"Portada","item":"https:\/\/www.madridlicencias.com\/blog\/"},{"@type":"ListItem","position":2,"name":"Normativa para instalar aire acondicionado"}]},{"@type":"WebSite","@id":"https:\/\/www.madridlicencias.com\/blog\/#website","url":"https:\/\/www.madridlicencias.com\/blog\/","name":"Licencias de Apertura y Actividad","description":"Especializados en la tramitaci\u00f3n de licencias de actividad, licencias de apertura y declaraciones responsables. Resolvemos todas tus dudas sobre c\u00f3mo obtener tu licencia de funcionamiento y gestionar los tr\u00e1mites con el Ayuntamiento. Somos expertos en la gesti\u00f3n de aperturas de negocios. Este espacio est\u00e1 dise\u00f1ado para guiarte en el complejo mundo de las licencias de actividad y la burocracia urban\u00edstica. Aqu\u00ed encontrar\u00e1s an\u00e1lisis de normativa, gu\u00edas de procedimiento y ejemplos pr\u00e1cticos para tu negocio o local. Convierte tu proyecto en realidad con informaci\u00f3n t\u00e9cnica actualizada y fiable.","publisher":{"@id":"https:\/\/www.madridlicencias.com\/blog\/#\/schema\/person\/33c4a38b2dfdf1309dd9a667d142c13c"},"potentialAction":[{"@type":"SearchAction","target":{"@type":"EntryPoint","urlTemplate":"https:\/\/www.madridlicencias.com\/blog\/?s={search_term_string}"},"query-input":{"@type":"PropertyValueSpecification","valueRequired":true,"valueName":"search_term_string"}}],"inLanguage":"es"},{"@type":["Person","Organization"],"@id":"https:\/\/www.madridlicencias.com\/blog\/#\/schema\/person\/33c4a38b2dfdf1309dd9a667d142c13c","name":"Gorka Villanueva","image":{"@type":"ImageObject","inLanguage":"es","@id":"https:\/\/secure.gravatar.com\/avatar\/2b22df0b555528a455bd6d7a4d62706746a36d31559440cca3a43072b34ff7ad?s=96&d=mm&r=g","url":"https:\/\/secure.gravatar.com\/avatar\/2b22df0b555528a455bd6d7a4d62706746a36d31559440cca3a43072b34ff7ad?s=96&d=mm&r=g","contentUrl":"https:\/\/secure.gravatar.com\/avatar\/2b22df0b555528a455bd6d7a4d62706746a36d31559440cca3a43072b34ff7ad?s=96&d=mm&r=g","caption":"Gorka Villanueva"},"logo":{"@id":"https:\/\/secure.gravatar.com\/avatar\/2b22df0b555528a455bd6d7a4d62706746a36d31559440cca3a43072b34ff7ad?s=96&d=mm&r=g"},"sameAs":["http:\/\/www.madridlicencias.com","https:\/\/www.facebook.com\/ArquitectosVillanueva","https:\/\/www.linkedin.com\/in\/gorkavilla\/"],"url":"https:\/\/www.madridlicencias.com\/blog\/author\/madridli\/"}]}},"_links":{"self":[{"href":"https:\/\/www.madridlicencias.com\/blog\/wp-json\/wp\/v2\/posts\/82","targetHints":{"allow":["GET"]}}],"collection":[{"href":"https:\/\/www.madridlicencias.com\/blog\/wp-json\/wp\/v2\/posts"}],"about":[{"href":"https:\/\/www.madridlicencias.com\/blog\/wp-json\/wp\/v2\/types\/post"}],"author":[{"embeddable":true,"href":"https:\/\/www.madridlicencias.com\/blog\/wp-json\/wp\/v2\/users\/1"}],"replies":[{"embeddable":true,"href":"https:\/\/www.madridlicencias.com\/blog\/wp-json\/wp\/v2\/comments?post=82"}],"version-history":[{"count":11,"href":"https:\/\/www.madridlicencias.com\/blog\/wp-json\/wp\/v2\/posts\/82\/revisions"}],"predecessor-version":[{"id":1294,"href":"https:\/\/www.madridlicencias.com\/blog\/wp-json\/wp\/v2\/posts\/82\/revisions\/1294"}],"wp:featuredmedia":[{"embeddable":true,"href":"https:\/\/www.madridlicencias.com\/blog\/wp-json\/wp\/v2\/media\/84"}],"wp:attachment":[{"href":"https:\/\/www.madridlicencias.com\/blog\/wp-json\/wp\/v2\/media?parent=82"}],"wp:term":[{"taxonomy":"category","embeddable":true,"href":"https:\/\/www.madridlicencias.com\/blog\/wp-json\/wp\/v2\/categories?post=82"},{"taxonomy":"post_tag","embeddable":true,"href":"https:\/\/www.madridlicencias.com\/blog\/wp-json\/wp\/v2\/tags?post=82"}],"curies":[{"name":"wp","href":"https:\/\/api.w.org\/{rel}","templated":true}]}}